{"id":10,"date":"2016-04-02T15:22:53","date_gmt":"2016-04-02T14:22:53","guid":{"rendered":"http:\/\/bilbomag.fr\/fr\/?p=10"},"modified":"2023-01-21T11:44:26","modified_gmt":"2023-01-21T10:44:26","slug":"madere-lile-aux-fleurs","status":"publish","type":"post","link":"http:\/\/www.bilbomag.fr\/fr\/madere-lile-aux-fleurs\/","title":{"rendered":"MADERE, L&rsquo;ILE AUX FLEURS"},"content":{"rendered":"<ul>\n<li style=\"text-align: center;\">\n<h2><strong><span style=\"color: #800000;\">\u223c<\/span> UNE SEMAINE DEBUT JUIN <span style=\"color: #800000;\">\u223c<\/span><\/strong><\/h2>\n<\/li>\n<\/ul>\n<p>&nbsp;<\/p>\n<h2><strong><span style=\"color: #800000;\">UN PEU DE GEOGRAPHIE&#8230;<\/span><\/strong><\/h2>\n<p style=\"text-align: justify;\">L\u2019archipel de Mad\u00e8re, d\u2019origine volcanique est<strong> situ\u00e9e en plein oc\u00e9an Atlantique<\/strong>, \u00e0 1200 km du Portugal, 130 km des \u00eeles Canaries et \u00e0 500 km des c\u00f4tes africaines. La d\u00e9couverte de l&rsquo;\u00eele est attribu\u00e9e aux Portugais en 1418, mais il \u00e9tait r\u00e9f\u00e9renc\u00e9 dans \u00ab\u00a0<i>le Libro del&nbsp; Conoscimento\u00a0\u00bb, <\/i>et repr\u00e9sent\u00e9 g\u00e9ographiquement dans les cartes italiennes et catalanes du XIV\u00e8me si\u00e8cle.<\/p>\n<figure id=\"attachment_20\" aria-describedby=\"caption-attachment-20\" style=\"width: 691px\" class=\"wp-caption aligncenter\"><a href=\"http:\/\/www.bilbomag.fr\/fr\/madere-lile-aux-fleurs\/madeira_island\/\" rel=\"attachment wp-att-20\"><img decoding=\"async\" loading=\"lazy\" class=\"size-full wp-image-20\" src=\"http:\/\/www.bilbomag.fr\/fr\/wp-content\/uploads\/2016\/03\/Madeira_island.gif\" alt=\"Carte de l'\u00eele de Mad\u00e8re\" width=\"691\" height=\"392\"><\/a><figcaption id=\"caption-attachment-20\" class=\"wp-caption-text\">Carte de l&rsquo;\u00eele de Mad\u00e8re<\/figcaption><\/figure>\n<p style=\"text-align: justify;\">L\u2019\u00eele de Mad\u00e8re (741 km2) mesure 57 km de long et 22 km de large, l\u2019\u00eele de Porto Santo ( baln\u00e9aire) fait 42,17 km2, Desertas 14 km2, et Selvagens (4 km2). Ces 2 derni\u00e8res \u00eeles ne sont pas habit\u00e9es. <em>Sa v\u00e9g\u00e9tation est tropicale<\/em>. On la nomme <strong>l\u2019\u00eele aux fleurs<\/strong>. L\u2019\u00eele de Mad\u00e8re pr\u00e9sente une topographie tr\u00e8s accident\u00e9e, ses plus hauts sommets mesurent <em>jusqu\u2019\u00e0 1862 m d\u2019altitude<\/em>, d\u2019o\u00f9 une variation de temp\u00e9rature entre le bord de mer et le sommet des montagnes. Cependant, il n\u2019existe pas de grandes variations de temp\u00e9rature au cours de l\u2019ann\u00e9e (<strong>moyenne 23\u00b0 en \u00e9t\u00e9 et 17\u00b0 en hiver<\/strong>). <em>La mer est \u00e0 22\u00b0 en \u00e9t\u00e9 et \u00e0 18\u00b0 en fin d\u2019hiver<\/em>.<\/p>\n<p>&nbsp;<\/p>\n<figure id=\"attachment_12\" aria-describedby=\"caption-attachment-12\" style=\"width: 640px\" class=\"wp-caption aligncenter\"><a href=\"http:\/\/bilbomag.fr\/fr\/wp-content\/uploads\/2016\/03\/IMGP4114.jpg\" rel=\"attachment wp-att-12\"><img decoding=\"async\" loading=\"lazy\" class=\"wp-image-12 size-large\" src=\"http:\/\/bilbomag.fr\/fr\/wp-content\/uploads\/2016\/03\/IMGP4114-1024x685.jpg\" alt=\"Mad\u00e8re, l'\u00eele volcanique, surnomm\u00e9e l'\u00eele aux fleurs\" width=\"640\" height=\"428\" srcset=\"http:\/\/www.bilbomag.fr\/fr\/wp-content\/uploads\/2016\/03\/IMGP4114-1024x685.jpg 1024w, http:\/\/www.bilbomag.fr\/fr\/wp-content\/uploads\/2016\/03\/IMGP4114-300x201.jpg 300w, http:\/\/www.bilbomag.fr\/fr\/wp-content\/uploads\/2016\/03\/IMGP4114-768x514.jpg 768w\" sizes=\"(max-width: 640px) 100vw, 640px\" \/><\/a><figcaption id=\"caption-attachment-12\" class=\"wp-caption-text\">Mad\u00e8re, l&rsquo;\u00eele volcanique, surnomm\u00e9e l&rsquo;\u00eele aux fleurs<\/figcaption><\/figure>\n<h1 style=\"text-align: center;\"><span style=\"color: #800000;\"><strong>\u223c<\/strong><\/span><\/h1>\n<p><!--nextpage--><\/p>\n<h2><strong><span style=\"color: #800000;\">ARRIVEE A&nbsp; MADERE&#8230;<\/span><\/strong><\/h2>\n<p style=\"text-align: justify;\">Arriv\u00e9e \u00e0 l\u2019a\u00e9roport de Funchal, puis apr\u00e8s avoir r\u00e9cup\u00e9r\u00e9 notre voiture de location aupr\u00e8s du loueur de l&rsquo;a\u00e9roport (ce qui est conseill\u00e9 pour avoir une bonne approche g\u00e9n\u00e9rale de l\u2019\u00eele), direction Funchal et la baia Formosa (sortie 8) o\u00f9 se situe notre h\u00f4tel \u00ab&nbsp;Pestana Bay&nbsp;\u00bb, appart. h\u00f4tel de 4*.<\/p>\n<h4 style=\"text-align: justify;\"><span style=\"color: #008080;\"><strong>&#8230;UN JARDIN BOTANIQUE EXTRAORDINAIRE&#8230;<\/strong><\/span><\/h4>\n<blockquote>\n<figure id=\"attachment_11\" aria-describedby=\"caption-attachment-11\" style=\"width: 300px\" class=\"wp-caption alignleft\"><a href=\"http:\/\/www.bilbomag.fr\/fr\/madere-lile-aux-fleurs\/imgp4136\/\" rel=\"attachment wp-att-11\"><img decoding=\"async\" loading=\"lazy\" class=\"size-medium wp-image-11\" src=\"http:\/\/www.bilbomag.fr\/fr\/wp-content\/uploads\/2016\/03\/IMGP4136-300x201.jpg\" alt=\"Mad\u00e8re, l'\u00eele aux fleurs, Oiseau du Paradis\" width=\"300\" height=\"201\" srcset=\"http:\/\/www.bilbomag.fr\/fr\/wp-content\/uploads\/2016\/03\/IMGP4136-300x201.jpg 300w, http:\/\/www.bilbomag.fr\/fr\/wp-content\/uploads\/2016\/03\/IMGP4136-768x514.jpg 768w, http:\/\/www.bilbomag.fr\/fr\/wp-content\/uploads\/2016\/03\/IMGP4136-1024x685.jpg 1024w\" sizes=\"(max-width: 300px) 100vw, 300px\" \/><\/a><figcaption id=\"caption-attachment-11\" class=\"wp-caption-text\">Oiseau de Paradis, embl\u00e8me de Mad\u00e8re<\/figcaption><\/figure>\n<p style=\"text-align: justify;\"><span style=\"color: #008080;\"><strong>L&#8217;embl\u00e8me de Mad\u00e8re est l&rsquo;Oiseau de paradis<\/strong>, ou Strelitzia. Toute l\u2019\u00eele est <strong>un jardin botanique extraordinaire<\/strong>. L&nbsp;\u2019int\u00e9rieur de l\u2019\u00eele poss\u00e8de <strong>des sites grandioses et tr\u00e8s vertigineux<\/strong>, de m\u00eame que les bords de mer, dont les hautes falaises se jettent dans la mer. Les maisons sont construites pour la plupart \u00e0 flanc de montagne.<\/span><\/p>\n<\/blockquote>\n<p style=\"text-align: justify;\">Quatre-vingt-dix-neuf pour cent des <strong>plages<\/strong> sont compos\u00e9es <strong><em>de galets ou de sable noir<\/em><\/strong>, seules deux ou trois plages sont constitu\u00e9es de sable blond, dont une \u00e0 Machico (c\u00f4te est), deux \u00e0 Calheta (c\u00f4te sud).<\/p>\n<p style=\"text-align: justify;\"><strong>Le parc naturel englobe les deux tiers de l\u2019\u00eele<\/strong>, et ce depuis 1982. Des r\u00e9serves naturelles ont \u00e9t\u00e9 cr\u00e9\u00e9es, afin de prot\u00e9ger les esp\u00e8ces end\u00e9miques, comme la for\u00eat \u00ab&nbsp;Laurissilva&nbsp;\u00bb qui occupe 15 mille hectares, et ce afin d\u2019en interdire l\u2019exportation. Cette r\u00e9serve biog\u00e9n\u00e9tique a \u00e9t\u00e9 incluse, en d\u00e9cembre 1999, dans la liste du <strong>patrimoine naturel mondial de l\u2019UNESCO<\/strong>, \u00e0 cause de la vari\u00e9t\u00e9 de sa flore et de sa faune.<\/p>\n<h1 style=\"text-align: center;\"><strong><span style=\"color: #800000;\">\u223c<\/span><\/strong><\/h1>\n<p style=\"text-align: justify;\"><!--nextpage--><\/p>\n<h2>&nbsp;<span style=\"color: #800000;\"><strong>HEBERGEMENT &#8211; L&rsquo;HOTEL \u00ab\u00a0PESTANA BAY****&#8230;<\/strong><\/span><\/h2>\n<p>&nbsp;<\/p>\n<figure id=\"attachment_133\" aria-describedby=\"caption-attachment-133\" style=\"width: 640px\" class=\"wp-caption aligncenter\"><a href=\"http:\/\/bilbomag.fr\/fr\/wp-content\/uploads\/2016\/03\/HOTEL-PESTANA-BAY-3-1-1.jpg\" rel=\"attachment wp-att-133\"><img decoding=\"async\" loading=\"lazy\" class=\"size-large wp-image-133\" src=\"http:\/\/bilbomag.fr\/fr\/wp-content\/uploads\/2016\/03\/HOTEL-PESTANA-BAY-3-1-1-1024x768.jpg\" alt=\"H\u00f4tel Pestana Bay\" width=\"640\" height=\"480\" srcset=\"http:\/\/www.bilbomag.fr\/fr\/wp-content\/uploads\/2016\/03\/HOTEL-PESTANA-BAY-3-1-1-1024x768.jpg 1024w, http:\/\/www.bilbomag.fr\/fr\/wp-content\/uploads\/2016\/03\/HOTEL-PESTANA-BAY-3-1-1-300x225.jpg 300w, http:\/\/www.bilbomag.fr\/fr\/wp-content\/uploads\/2016\/03\/HOTEL-PESTANA-BAY-3-1-1-768x576.jpg 768w, http:\/\/www.bilbomag.fr\/fr\/wp-content\/uploads\/2016\/03\/HOTEL-PESTANA-BAY-3-1-1-360x270.jpg 360w\" sizes=\"(max-width: 640px) 100vw, 640px\" \/><\/a><figcaption id=\"caption-attachment-133\" class=\"wp-caption-text\">H\u00f4tel Pestana Bay<\/figcaption><\/figure>\n<p>&nbsp;<\/p>\n<p style=\"text-align: justify;\">L&rsquo;h\u00f4tel <strong>PESTANA BAY****<\/strong> est situ\u00e9 \u00e0 Funchal, au bas d\u2019une falaise en bord de mer, ce qui&nbsp; pr\u00e9sente l\u2019avantage d\u2019\u00eatre \u00e0 l\u2019\u00e9cart de la ville, au calme. (coordonn\u00e9es page 33)<\/p>\n<figure id=\"attachment_105\" aria-describedby=\"caption-attachment-105\" style=\"width: 225px\" class=\"wp-caption alignleft\"><a href=\"http:\/\/bilbomag.fr\/fr\/wp-content\/uploads\/2016\/03\/HOTEL-PESTANA-BAY-PISCINE-1.jpg\" rel=\"attachment wp-att-105\"><img decoding=\"async\" loading=\"lazy\" class=\"wp-image-105 size-medium\" src=\"http:\/\/bilbomag.fr\/fr\/wp-content\/uploads\/2016\/03\/HOTEL-PESTANA-BAY-PISCINE-1-225x300.jpg\" alt=\"H\u00f4tel Pestana Bay - sa piscine de nuit\" width=\"225\" height=\"300\" srcset=\"http:\/\/www.bilbomag.fr\/fr\/wp-content\/uploads\/2016\/03\/HOTEL-PESTANA-BAY-PISCINE-1-225x300.jpg 225w, http:\/\/www.bilbomag.fr\/fr\/wp-content\/uploads\/2016\/03\/HOTEL-PESTANA-BAY-PISCINE-1-768x1024.jpg 768w\" sizes=\"(max-width: 225px) 100vw, 225px\" \/><\/a><figcaption id=\"caption-attachment-105\" class=\"wp-caption-text\">H\u00f4tel Pestana Bay&nbsp;&nbsp; et sa piscine<\/figcaption><\/figure>\n<p style=\"text-align: justify;\">A l&rsquo;arriv\u00e9e, nous avons eu&nbsp;l&rsquo;agr\u00e9able surprise de constater que <strong><em>toutes les chambres de l&rsquo;h\u00f4tel&nbsp;sont orient\u00e9es vers la mer<\/em><\/strong>. Elles sont grandes et poss\u00e8dent, bien entendu,&nbsp;un balcon am\u00e9nag\u00e9.<\/p>\n<p style=\"text-align: justify;\">Un jardin fleuri, une piscine, et un bord de mer, en galets, agr\u00e9mentent l\u2019ensemble. Durant notre s\u00e9jour, le bord de mer devant l&rsquo;h\u00f4tel et la plage de galets \u00e9taient en r\u00e9am\u00e9nagement, apr\u00e8s avoir \u00e9t\u00e9 endommag\u00e9s par une temp\u00eate.<\/p>\n<p style=\"text-align: justify;\">Pour les repas, vous&nbsp;avez le choix entre <strong>la salle int\u00e9rieure vitr\u00e9e<\/strong>,&nbsp; <strong>la terrasse couverte<\/strong> ou celle \u00e0 <strong>l&rsquo;ext\u00e9rieur. <\/strong>Vous avez la vue sur le jardin, la mer et la piscine. La cuisine est <strong>correcte<\/strong>, cependant elle <strong><em>manque un peu de saveur<\/em><\/strong>. Tous les jours vous pouvez y d\u00e9guster, entre autres, un poisson diff\u00e9rent de la r\u00e9gion, ou un plat de viande cuisin\u00e9e accompagn\u00e9e de l\u00e9gumes. Cependant, vous n\u2019aurez pas de caf\u00e9 Expresso. C\u2019est le seul b\u00e9mol.<\/p>\n<p style=\"text-align: justify;\">Il n&rsquo;y a <strong>qu&rsquo;une piscine ext\u00e9rieure<\/strong> qui n&rsquo;est plus chauff\u00e9e \u00e0 partir du premier juin. Elle est \u00e0 une temp\u00e9rature d&rsquo;environ 18\u00b0 \u00e0 cette p\u00e9riode.<\/p>\n<blockquote>\n<p style=\"text-align: justify;\"><span style=\"color: #008080;\"><strong>&#8230;LE FRANCAIS, L&rsquo;ANGLAIS ET LE PORTUGAIS SONT PARLES DANS TOUTE L&rsquo;ILE DE MADERE&#8230;<br \/>\n<\/strong><\/span><span style=\"color: #008080;\">A l\u2019h\u00f4tel,&nbsp; vous pouvez vous exprimer <b>en fran\u00e7ais<\/b>, en anglais, en portugais (bien s\u00fbr), langue officielle de la province autonome de Mad\u00e8re.<\/span><\/p>\n<\/blockquote>\n<h1 style=\"text-align: center;\"><strong><span style=\"color: #800000;\">\u223c<\/span><\/strong><\/h1>\n<p style=\"text-align: justify;\"><!--nextpage--><\/p>\n<h2 style=\"text-align: justify;\"><span style=\"color: #800000;\"><b>CAMARA DE LOBOS&#8230;<\/b><\/span><\/h2>\n<p style=\"text-align: justify;\">C\u2019est <b>Joao Gon\u00e7alves Zarco<\/b>, en 1419, lors de son deuxi\u00e8me voyage \u00e0 <b>Mad\u00e8re<\/b> qui a nomm\u00e9 ainsi ce port de p\u00eache.<\/p>\n<p style=\"text-align: justify;\">A <b>C<\/b><b>\u00e2mara de Lobos<\/b>, la sp\u00e9cialit\u00e9 culinaire est la morue (ci-dessous un bateau avec des morues s\u00e9ch\u00e9es). Vous pouvez y consommer, comme dans toute l\u2019\u00eele l\u2019espada, le maquereau, le thon, ainsi que des brochettes de viande.<\/p>\n<figure id=\"attachment_137\" aria-describedby=\"caption-attachment-137\" style=\"width: 640px\" class=\"wp-caption aligncenter\"><a href=\"http:\/\/bilbomag.fr\/fr\/wp-content\/uploads\/2016\/03\/CAMARAS-DE-LOBOS-5.jpg\" rel=\"attachment wp-att-137\"><img decoding=\"async\" loading=\"lazy\" class=\"size-large wp-image-137\" src=\"http:\/\/bilbomag.fr\/fr\/wp-content\/uploads\/2016\/03\/CAMARAS-DE-LOBOS-5-1024x768.jpg\" alt=\"Camars de Lobos - Morue\" width=\"640\" height=\"480\" srcset=\"http:\/\/www.bilbomag.fr\/fr\/wp-content\/uploads\/2016\/03\/CAMARAS-DE-LOBOS-5-1024x768.jpg 1024w, http:\/\/www.bilbomag.fr\/fr\/wp-content\/uploads\/2016\/03\/CAMARAS-DE-LOBOS-5-300x225.jpg 300w, http:\/\/www.bilbomag.fr\/fr\/wp-content\/uploads\/2016\/03\/CAMARAS-DE-LOBOS-5-768x576.jpg 768w, http:\/\/www.bilbomag.fr\/fr\/wp-content\/uploads\/2016\/03\/CAMARAS-DE-LOBOS-5-360x270.jpg 360w\" sizes=\"(max-width: 640px) 100vw, 640px\" \/><\/a><figcaption id=\"caption-attachment-137\" class=\"wp-caption-text\">Camars de Lobos &#8211; Morue<\/figcaption><\/figure>\n<figure id=\"attachment_138\" aria-describedby=\"caption-attachment-138\" style=\"width: 300px\" class=\"wp-caption aligncenter\"><a href=\"http:\/\/bilbomag.fr\/fr\/wp-content\/uploads\/2016\/03\/CAMARAS-DE-LOBOS-43.jpg\" rel=\"attachment wp-att-138\"><img decoding=\"async\" loading=\"lazy\" class=\"size-medium wp-image-138\" src=\"http:\/\/bilbomag.fr\/fr\/wp-content\/uploads\/2016\/03\/CAMARAS-DE-LOBOS-43-300x225.jpg\" alt=\"Camaras de Lobos - vue d'ensemble\" width=\"300\" height=\"225\" srcset=\"http:\/\/www.bilbomag.fr\/fr\/wp-content\/uploads\/2016\/03\/CAMARAS-DE-LOBOS-43-300x225.jpg 300w, http:\/\/www.bilbomag.fr\/fr\/wp-content\/uploads\/2016\/03\/CAMARAS-DE-LOBOS-43-768x576.jpg 768w, http:\/\/www.bilbomag.fr\/fr\/wp-content\/uploads\/2016\/03\/CAMARAS-DE-LOBOS-43-1024x768.jpg 1024w, http:\/\/www.bilbomag.fr\/fr\/wp-content\/uploads\/2016\/03\/CAMARAS-DE-LOBOS-43-360x270.jpg 360w\" sizes=\"(max-width: 300px) 100vw, 300px\" \/><\/a><figcaption id=\"caption-attachment-138\" class=\"wp-caption-text\">Camaras de Lobos &#8211; vue d&rsquo;ensemble<\/figcaption><\/figure>\n<figure id=\"attachment_139\" aria-describedby=\"caption-attachment-139\" style=\"width: 225px\" class=\"wp-caption alignleft\"><a href=\"http:\/\/bilbomag.fr\/fr\/wp-content\/uploads\/2016\/03\/CAMARAS-DE-LOBOS-35.jpg\" rel=\"attachment wp-att-139\"><img decoding=\"async\" loading=\"lazy\" class=\"size-medium wp-image-139\" src=\"http:\/\/bilbomag.fr\/fr\/wp-content\/uploads\/2016\/03\/CAMARAS-DE-LOBOS-35-225x300.jpg\" alt=\"Camaras de Lobos - chapelle\" width=\"225\" height=\"300\" srcset=\"http:\/\/www.bilbomag.fr\/fr\/wp-content\/uploads\/2016\/03\/CAMARAS-DE-LOBOS-35-225x300.jpg 225w, http:\/\/www.bilbomag.fr\/fr\/wp-content\/uploads\/2016\/03\/CAMARAS-DE-LOBOS-35-768x1024.jpg 768w, http:\/\/www.bilbomag.fr\/fr\/wp-content\/uploads\/2016\/03\/CAMARAS-DE-LOBOS-35-203x270.jpg 203w\" sizes=\"(max-width: 225px) 100vw, 225px\" \/><\/a><figcaption id=\"caption-attachment-139\" class=\"wp-caption-text\">Camaras de Lobos &#8211; chapelle<\/figcaption><\/figure>\n<p style=\"text-align: left;\">La chapelle de<b> Nossa<\/b> <b>Senhora da Concei\u00e7ao <\/b>fut fond\u00e9e par des p\u00eacheurs au XV\u00e8me. Elle&nbsp; fut reconstruite en 1723.<\/p>\n<p style=\"text-align: left;\">Elle est class\u00e9e depuis 1993.<\/p>\n<figure id=\"attachment_145\" aria-describedby=\"caption-attachment-145\" style=\"width: 640px\" class=\"wp-caption aligncenter\"><a href=\"http:\/\/bilbomag.fr\/fr\/wp-content\/uploads\/2016\/03\/CAMARAS-DE-LOBOS-39.jpg\" rel=\"attachment wp-att-145\"><img decoding=\"async\" loading=\"lazy\" class=\"size-large wp-image-145\" src=\"http:\/\/bilbomag.fr\/fr\/wp-content\/uploads\/2016\/03\/CAMARAS-DE-LOBOS-39-1024x768.jpg\" alt=\"Camaras de Lobos\" width=\"640\" height=\"480\" srcset=\"http:\/\/www.bilbomag.fr\/fr\/wp-content\/uploads\/2016\/03\/CAMARAS-DE-LOBOS-39-1024x768.jpg 1024w, http:\/\/www.bilbomag.fr\/fr\/wp-content\/uploads\/2016\/03\/CAMARAS-DE-LOBOS-39-300x225.jpg 300w, http:\/\/www.bilbomag.fr\/fr\/wp-content\/uploads\/2016\/03\/CAMARAS-DE-LOBOS-39-768x576.jpg 768w, http:\/\/www.bilbomag.fr\/fr\/wp-content\/uploads\/2016\/03\/CAMARAS-DE-LOBOS-39-360x270.jpg 360w\" sizes=\"(max-width: 640px) 100vw, 640px\" \/><\/a><figcaption id=\"caption-attachment-145\" class=\"wp-caption-text\">Camaras de Lobos, son bord de mer<\/figcaption><\/figure>\n<h1 style=\"text-align: center;\"><strong><span style=\"color: #800000;\">\u223c<\/span><\/strong><\/h1>\n<p><!--nextpage--><\/p>\n<h2><span style=\"color: #800000;\"><b>CABO GIRAO&#8230;<\/b><\/span><\/h2>\n<p style=\"text-align: justify;\">Le belv\u00e9d\u00e8re de <b>Cabo<\/b> <b>Girao<\/b> <strong>est l\u2019un des plus impressionnants<\/strong>. D\u2019une altitude de 580 m\u00e8tres, <strong>c\u2019est <i>le plus haut d\u2019Europe<\/i><\/strong>, <strong>et le deuxi\u00e8me au monde<\/strong>.<\/p>\n<figure id=\"attachment_147\" aria-describedby=\"caption-attachment-147\" style=\"width: 640px\" class=\"wp-caption aligncenter\"><a href=\"http:\/\/bilbomag.fr\/fr\/wp-content\/uploads\/2016\/03\/CABOS-DE-GIRAO-2.jpg\" rel=\"attachment wp-att-147\"><img decoding=\"async\" loading=\"lazy\" class=\"size-large wp-image-147\" src=\"http:\/\/bilbomag.fr\/fr\/wp-content\/uploads\/2016\/03\/CABOS-DE-GIRAO-2-768x1024.jpg\" alt=\"Cabos de Girao\" width=\"640\" height=\"853\" srcset=\"http:\/\/www.bilbomag.fr\/fr\/wp-content\/uploads\/2016\/03\/CABOS-DE-GIRAO-2-768x1024.jpg 768w, http:\/\/www.bilbomag.fr\/fr\/wp-content\/uploads\/2016\/03\/CABOS-DE-GIRAO-2-225x300.jpg 225w, http:\/\/www.bilbomag.fr\/fr\/wp-content\/uploads\/2016\/03\/CABOS-DE-GIRAO-2-203x270.jpg 203w\" sizes=\"(max-width: 640px) 100vw, 640px\" \/><\/a><figcaption id=\"caption-attachment-147\" class=\"wp-caption-text\">Cabo de Girao<\/figcaption><\/figure>\n<p style=\"text-align: justify;\">Il permet <strong>une vue panoramique<\/strong> <strong>vertigineuse<\/strong> de Camara de Lobos jusqu\u2019\u00e0 la baie de Funchal, \u00e0 partir <em>d\u2019une plate-forme en verre accroch\u00e9e \u00e0 la falaise qui flotte dans le vide<\/em>.<\/p>\n<p style=\"text-align: center;\"><strong><span style=\"color: #800000;\">Point de vue \u00e0 ne pas manquer.<\/span><\/strong><\/p>\n<h1 style=\"text-align: center;\"><span style=\"color: #800000;\">\u223c<\/span><\/h1>\n<p style=\"text-align: center;\"><!--nextpage--><\/p>\n<h2 style=\"text-align: left;\"><strong><span style=\"color: #800000;\">FUNCHAL &#8211; LA CAPITALE&#8230;<\/span><\/strong><\/h2>\n<p style=\"text-align: justify;\">La commune de <b>Funchal<\/b> poss\u00e8de plus de 100 000 habitants, et se r\u00e9partit en dix paroisses, dont celle de <b>Monte<\/b> (7 444 habitants), etc&#8230; La ville de <b>Funchal<\/b> doit son nom aux premiers colons qui, en 1425, ont trouv\u00e9 \u00ab<span style=\"color: #000000;\">&nbsp;<\/span><span style=\"color: #008080;\"><i><span style=\"color: #000000;\">une belle vall\u00e9e de bois pleine de Funcho (fenouil)<\/span>&nbsp;<\/i><\/span>\u00bb. Les premiers habitants se sont install\u00e9s dans la vieille ville, en 1430, <i>Santa Maria Major <\/i>(13 968 habitants en 2001), qui a prosp\u00e9r\u00e9 relativement rapidement. C\u2019est pour cette raison que <b>D. Alonso V<\/b>, en 1452, l\u2019a nomm\u00e9 village et si\u00e8ge de commune. En 1508, <b>Funchal<\/b> devint une ville.<\/p>\n<p><a href=\"http:\/\/bilbomag.fr\/fr\/madere-lile-aux-fleurs\/funchal-21\/\" rel=\"attachment wp-att-152\"><img decoding=\"async\" loading=\"lazy\" class=\"wp-image-152 size-large aligncenter\" src=\"http:\/\/bilbomag.fr\/fr\/wp-content\/uploads\/2016\/03\/FUNCHAL-21-1024x768.jpg\" alt=\"FUNCHAL (21)\" width=\"640\" height=\"480\" srcset=\"http:\/\/www.bilbomag.fr\/fr\/wp-content\/uploads\/2016\/03\/FUNCHAL-21-1024x768.jpg 1024w, http:\/\/www.bilbomag.fr\/fr\/wp-content\/uploads\/2016\/03\/FUNCHAL-21-300x225.jpg 300w, http:\/\/www.bilbomag.fr\/fr\/wp-content\/uploads\/2016\/03\/FUNCHAL-21-768x576.jpg 768w, http:\/\/www.bilbomag.fr\/fr\/wp-content\/uploads\/2016\/03\/FUNCHAL-21-360x270.jpg 360w\" sizes=\"(max-width: 640px) 100vw, 640px\" \/><\/a><\/p>\n<p style=\"text-align: justify;\">Au XV\u00e8me si\u00e8cle, Funchal est <strong>un lieu de passage des navigateurs portugais, italiens et flamands<\/strong>, c\u2019est alors un important port commercial.<\/p>\n<p style=\"text-align: justify;\">A la fin du XV\u00e8me si\u00e8cle de petites r\u00e9sidences seigneuriales apparaissent dot\u00e9es de parcs et de points de vue \u00ab&nbsp;miradors&nbsp;\u00bb : <strong><i>les <\/i><i>quintas<\/i><\/strong>. Tout au long du XIX\u00e8me si\u00e8cle, c\u2019est une <strong>destination romantique europ\u00e9enne<\/strong>, gr\u00e2ce \u00e0 <em>la<\/em><strong><em> qualit\u00e9 naturelle et th\u00e9rapeutique de l\u2019\u00eele<\/em><\/strong>, reconnue pour la cure de maladies respiratoires. De nos jours, <strong>c\u2019est l\u2019une des meilleures destinations touristiques au monde.<\/strong><\/p>\n<h1 style=\"text-align: center;\"><strong><span style=\"color: #800000;\">\u223c<\/span><\/strong><\/h1>\n<p style=\"text-align: justify;\"><!--nextpage--><\/p>\n<h4><span style=\"color: #993300;\"><strong>&#8230;<\/strong><strong>FUNCHAL &#8211; Quartier historique de Santa Maria Major<\/strong><\/span><\/h4>\n<figure id=\"attachment_153\" aria-describedby=\"caption-attachment-153\" style=\"width: 300px\" class=\"wp-caption alignleft\"><a href=\"http:\/\/bilbomag.fr\/fr\/madere-lile-aux-fleurs\/funchal-67\/\" rel=\"attachment wp-att-153\"><img decoding=\"async\" loading=\"lazy\" class=\"size-medium wp-image-153\" src=\"http:\/\/bilbomag.fr\/fr\/wp-content\/uploads\/2016\/03\/FUNCHAL-67-300x225.jpg\" alt=\"Funchal - Palace de Sao Louren\u00e7o\" width=\"300\" height=\"225\" srcset=\"http:\/\/www.bilbomag.fr\/fr\/wp-content\/uploads\/2016\/03\/FUNCHAL-67-300x225.jpg 300w, http:\/\/www.bilbomag.fr\/fr\/wp-content\/uploads\/2016\/03\/FUNCHAL-67-768x576.jpg 768w, http:\/\/www.bilbomag.fr\/fr\/wp-content\/uploads\/2016\/03\/FUNCHAL-67-1024x768.jpg 1024w, http:\/\/www.bilbomag.fr\/fr\/wp-content\/uploads\/2016\/03\/FUNCHAL-67-360x270.jpg 360w\" sizes=\"(max-width: 300px) 100vw, 300px\" \/><\/a><figcaption id=\"caption-attachment-153\" class=\"wp-caption-text\">Funchal &#8211; Palace de Sao Louren\u00e7o<\/figcaption><\/figure>\n<p style=\"text-align: justify;\"><b>La forteresse ou Palace de Sao Louren\u00e7o <\/b>a \u00e9t\u00e9 transform\u00e9 en \u00ab&nbsp;<em>palais national&nbsp;<\/em>\u00bb. C\u2019est la r\u00e9sidence du Repr\u00e9sentant de la R\u00e9publique, du Commandant Militaire et du Quartier G\u00e9n\u00e9ral de la zone militaire de Mad\u00e8re.<\/p>\n<p style=\"text-align: justify;\"><b>Funchal<\/b> est une ville dans laquelle il est agr\u00e9able de d\u00e9ambuler, de fl\u00e2ner. Vous y trouverez <strong>de nombreux b\u00e2timents historiques<\/strong>, des palais, des forteresses, des maisons seigneuriales.<\/p>\n<p style=\"text-align: justify;\">L&rsquo;une <i>des originalit\u00e9s <\/i>du vieux quartier historique de&nbsp;<b>Funchal, <\/b>ce&nbsp;sont les nombreuses&nbsp;portes des maisons peintes ou d\u00e9cor\u00e9es ; v\u00e9ritables <i>\u0153uvres d\u2019art<\/i>. Dans ce quartier, vous trouverez de nombreux restaurants.<\/p>\n<hr>\n<figure id=\"attachment_154\" aria-describedby=\"caption-attachment-154\" style=\"width: 225px\" class=\"wp-caption alignleft\"><a href=\"http:\/\/www.bilbomag.fr\/fr\/madere-lile-aux-fleurs\/funchal-39\/\" rel=\"attachment wp-att-154\"><img decoding=\"async\" loading=\"lazy\" class=\"size-medium wp-image-154\" src=\"http:\/\/www.bilbomag.fr\/fr\/wp-content\/uploads\/2016\/03\/FUNCHAL-39-225x300.jpg\" alt=\"Funchal (centre historique) Porte peinte\" width=\"225\" height=\"300\" srcset=\"http:\/\/www.bilbomag.fr\/fr\/wp-content\/uploads\/2016\/03\/FUNCHAL-39-225x300.jpg 225w, http:\/\/www.bilbomag.fr\/fr\/wp-content\/uploads\/2016\/03\/FUNCHAL-39-768x1024.jpg 768w, http:\/\/www.bilbomag.fr\/fr\/wp-content\/uploads\/2016\/03\/FUNCHAL-39-203x270.jpg 203w\" sizes=\"(max-width: 225px) 100vw, 225px\" \/><\/a><figcaption id=\"caption-attachment-154\" class=\"wp-caption-text\">porte peinte<\/figcaption><\/figure>\n<figure id=\"attachment_400\" aria-describedby=\"caption-attachment-400\" style=\"width: 225px\" class=\"wp-caption alignright\"><a href=\"http:\/\/www.bilbomag.fr\/fr\/madere-lile-aux-fleurs\/funchal-44\/\"><img decoding=\"async\" loading=\"lazy\" class=\"wp-image-400 size-medium\" src=\"http:\/\/www.bilbomag.fr\/fr\/wp-content\/uploads\/2016\/04\/FUNCHAL-44-225x300.jpg\" alt=\"porte d\u00e9cor\u00e9e, Funchal\" width=\"225\" height=\"300\" srcset=\"http:\/\/www.bilbomag.fr\/fr\/wp-content\/uploads\/2016\/04\/FUNCHAL-44-225x300.jpg 225w, http:\/\/www.bilbomag.fr\/fr\/wp-content\/uploads\/2016\/04\/FUNCHAL-44-768x1024.jpg 768w, http:\/\/www.bilbomag.fr\/fr\/wp-content\/uploads\/2016\/04\/FUNCHAL-44-203x270.jpg 203w\" sizes=\"(max-width: 225px) 100vw, 225px\" \/><\/a><figcaption id=\"caption-attachment-400\" class=\"wp-caption-text\">porte d\u00e9cor\u00e9e, Funchal<\/figcaption><\/figure>\n<p>&nbsp;<\/p>\n<p>&nbsp;<\/p>\n<p>&nbsp;<\/p>\n<p>&nbsp;<\/p>\n<p>&nbsp;<\/p>\n<p>&nbsp;<\/p>\n<p>&nbsp;<\/p>\n<p>&nbsp;<\/p>\n<hr>\n<p>Les hommes aiment se rassembler sur les places, ou sur les terrasses des caf\u00e9s pour jouer \u00e0 un jeu de soci\u00e9t\u00e9 assez complexe compos\u00e9s de dominos. Ce jeu est une attraction quotidienne dans tous les lieux publiques des villes et villages de l&rsquo;\u00eele.<\/p>\n<figure id=\"attachment_157\" aria-describedby=\"caption-attachment-157\" style=\"width: 300px\" class=\"wp-caption alignleft\"><a href=\"http:\/\/bilbomag.fr\/fr\/madere-lile-aux-fleurs\/funchal-4\/\" rel=\"attachment wp-att-157\"><img decoding=\"async\" loading=\"lazy\" class=\"size-medium wp-image-157\" src=\"http:\/\/bilbomag.fr\/fr\/wp-content\/uploads\/2016\/03\/FUNCHAL-4-300x225.jpg\" alt=\"Funchal - rassemblement pour jouer\" width=\"300\" height=\"225\" srcset=\"http:\/\/www.bilbomag.fr\/fr\/wp-content\/uploads\/2016\/03\/FUNCHAL-4-300x225.jpg 300w, http:\/\/www.bilbomag.fr\/fr\/wp-content\/uploads\/2016\/03\/FUNCHAL-4-768x576.jpg 768w, http:\/\/www.bilbomag.fr\/fr\/wp-content\/uploads\/2016\/03\/FUNCHAL-4-1024x768.jpg 1024w, http:\/\/www.bilbomag.fr\/fr\/wp-content\/uploads\/2016\/03\/FUNCHAL-4-360x270.jpg 360w\" sizes=\"(max-width: 300px) 100vw, 300px\" \/><\/a><figcaption id=\"caption-attachment-157\" class=\"wp-caption-text\">Funchal &#8211; rassemblement de joueurs<\/figcaption><\/figure>\n<figure id=\"attachment_160\" aria-describedby=\"caption-attachment-160\" style=\"width: 300px\" class=\"wp-caption alignright\"><a href=\"http:\/\/bilbomag.fr\/fr\/madere-lile-aux-fleurs\/funchal-2\/\" rel=\"attachment wp-att-160\"><img decoding=\"async\" loading=\"lazy\" class=\"size-medium wp-image-160\" src=\"http:\/\/bilbomag.fr\/fr\/wp-content\/uploads\/2016\/03\/FUNCHAL-2-300x225.jpg\" alt=\"Funchal - terrasse de caf\u00e9\" width=\"300\" height=\"225\" srcset=\"http:\/\/www.bilbomag.fr\/fr\/wp-content\/uploads\/2016\/03\/FUNCHAL-2-300x225.jpg 300w, http:\/\/www.bilbomag.fr\/fr\/wp-content\/uploads\/2016\/03\/FUNCHAL-2-768x576.jpg 768w, http:\/\/www.bilbomag.fr\/fr\/wp-content\/uploads\/2016\/03\/FUNCHAL-2-1024x768.jpg 1024w, http:\/\/www.bilbomag.fr\/fr\/wp-content\/uploads\/2016\/03\/FUNCHAL-2-360x270.jpg 360w\" sizes=\"(max-width: 300px) 100vw, 300px\" \/><\/a><figcaption id=\"caption-attachment-160\" class=\"wp-caption-text\">Funchal &#8211; terrasse de caf\u00e9<\/figcaption><\/figure>\n<p>&nbsp;<\/p>\n<p>&nbsp;<\/p>\n<p>&nbsp;<\/p>\n<p>&nbsp;<\/p>\n<p>&nbsp;<\/p>\n<p>&nbsp;<\/p>\n<h1 style=\"text-align: center;\"><strong><span style=\"color: #800000;\">\u223c<\/span><\/strong><\/h1>\n<p><!--nextpage--><span style=\"color: #993300;\"><b>&#8230;FUNCHAL &#8211; Visite d&rsquo;une cave de mad\u00e8re <\/b><\/span><\/p>\n<figure id=\"attachment_166\" aria-describedby=\"caption-attachment-166\" style=\"width: 150px\" class=\"wp-caption alignleft\"><a href=\"http:\/\/bilbomag.fr\/fr\/madere-lile-aux-fleurs\/funchal-2-8\/\" rel=\"attachment wp-att-166\"><img decoding=\"async\" loading=\"lazy\" class=\"size-thumbnail wp-image-166\" src=\"http:\/\/bilbomag.fr\/fr\/wp-content\/uploads\/2016\/03\/FUNCHAL-2-8-150x150.jpg\" alt=\"Cave de mad\u00e8re, \u00e0 Funchal\" width=\"150\" height=\"150\"><\/a><figcaption id=\"caption-attachment-166\" class=\"wp-caption-text\">Cave de mad\u00e8re<\/figcaption><\/figure>\n<figure id=\"attachment_191\" aria-describedby=\"caption-attachment-191\" style=\"width: 150px\" class=\"wp-caption alignleft\"><a href=\"http:\/\/bilbomag.fr\/fr\/madere-lile-aux-fleurs\/funchal-2-10\/\" rel=\"attachment wp-att-191\"><img decoding=\"async\" loading=\"lazy\" class=\"size-thumbnail wp-image-191\" src=\"http:\/\/bilbomag.fr\/fr\/wp-content\/uploads\/2016\/03\/FUNCHAL-2-10-150x150.jpg\" alt=\"Cave de mad\u00e8re \u00e0 Funchal, d\u00e9tail d\u00e9co\" width=\"150\" height=\"150\"><\/a><figcaption id=\"caption-attachment-191\" class=\"wp-caption-text\">Ancien tonneau<\/figcaption><\/figure>\n<figure id=\"attachment_163\" aria-describedby=\"caption-attachment-163\" style=\"width: 150px\" class=\"wp-caption alignright\"><a href=\"http:\/\/bilbomag.fr\/fr\/madere-lile-aux-fleurs\/funchal-2-5\/\" rel=\"attachment wp-att-163\"><img decoding=\"async\" loading=\"lazy\" class=\"size-thumbnail wp-image-163\" src=\"http:\/\/bilbomag.fr\/fr\/wp-content\/uploads\/2016\/03\/FUNCHAL-2-5-150x150.jpg\" alt=\"D\u00e9coration de la cave de mad\u00e8re \u00e0 Funchal\" width=\"150\" height=\"150\"><\/a><figcaption id=\"caption-attachment-163\" class=\"wp-caption-text\">Ancien pressoir<\/figcaption><\/figure>\n<figure id=\"attachment_190\" aria-describedby=\"caption-attachment-190\" style=\"width: 150px\" class=\"wp-caption alignright\"><a href=\"http:\/\/bilbomag.fr\/fr\/madere-lile-aux-fleurs\/funchal-2-7\/\" rel=\"attachment wp-att-190\"><img decoding=\"async\" loading=\"lazy\" class=\"size-thumbnail wp-image-190\" src=\"http:\/\/bilbomag.fr\/fr\/wp-content\/uploads\/2016\/03\/FUNCHAL-2-7-150x150.jpg\" alt=\"Cave de mad\u00e8re \u00e0 Funchal - d\u00e9tail\" width=\"150\" height=\"150\"><\/a><figcaption id=\"caption-attachment-190\" class=\"wp-caption-text\">Entr\u00e9e de la cave<\/figcaption><\/figure>\n<p>&nbsp;<\/p>\n<p>&nbsp;<\/p>\n<p>&nbsp;<\/p>\n<p>&nbsp;<\/p>\n<p>&nbsp;<\/p>\n<p>&nbsp;<\/p>\n<figure id=\"attachment_182\" aria-describedby=\"caption-attachment-182\" style=\"width: 640px\" class=\"wp-caption aligncenter\"><a href=\"http:\/\/www.bilbomag.fr\/fr\/madere-lile-aux-fleurs\/funchal-2-9\/\" rel=\"attachment wp-att-182\"><img decoding=\"async\" loading=\"lazy\" class=\"wp-image-182 size-large\" src=\"http:\/\/www.bilbomag.fr\/fr\/wp-content\/uploads\/2016\/03\/FUNCHAL-2-9-1024x768.jpg\" alt=\"Cave de mad\u00e8re \u00e0 Funchal\" width=\"640\" height=\"480\" srcset=\"http:\/\/www.bilbomag.fr\/fr\/wp-content\/uploads\/2016\/03\/FUNCHAL-2-9-1024x768.jpg 1024w, http:\/\/www.bilbomag.fr\/fr\/wp-content\/uploads\/2016\/03\/FUNCHAL-2-9-300x225.jpg 300w, http:\/\/www.bilbomag.fr\/fr\/wp-content\/uploads\/2016\/03\/FUNCHAL-2-9-768x576.jpg 768w, http:\/\/www.bilbomag.fr\/fr\/wp-content\/uploads\/2016\/03\/FUNCHAL-2-9-360x270.jpg 360w\" sizes=\"(max-width: 640px) 100vw, 640px\" \/><\/a><figcaption id=\"caption-attachment-182\" class=\"wp-caption-text\">Cave de mad\u00e8re \u00e0 Funchal, salle de d\u00e9gustation et de vente (adresse page 33<\/figcaption><\/figure>\n<p>Nous vous conseillons d\u2019acheter du vin de <em>mad\u00e8re<\/em>, non pas \u00e0 l\u2019a\u00e9roport, <em>mais dans une cave<\/em>. Il y en a une non loin de la cath\u00e9drale, pr\u00e8s de l\u2019office de tourisme \u00ab&nbsp;information&nbsp;\u00bb. Vous pouvez visiter la cave, et y faire une d\u00e9gustation. <em>Une seule visite se d\u00e9roule en fran\u00e7ais<\/em>. <em>Elle a lieu \u00e0 11 h. <\/em>Les caves sont ouvertes de 9 h \u00e0 19 h du lundi au vendredi et le samedi de 9 h \u00e0 13 h. (coordonn\u00e9es page 33)<\/p>\n<p>&nbsp;<\/p>\n<figure id=\"attachment_165\" aria-describedby=\"caption-attachment-165\" style=\"width: 300px\" class=\"wp-caption aligncenter\"><a href=\"http:\/\/bilbomag.fr\/fr\/madere-lile-aux-fleurs\/funchal-2-11\/\" rel=\"attachment wp-att-165\"><img decoding=\"async\" loading=\"lazy\" class=\"size-medium wp-image-165\" src=\"http:\/\/bilbomag.fr\/fr\/wp-content\/uploads\/2016\/03\/FUNCHAL-2-11-300x225.jpg\" alt=\"Bouteilles de mad\u00e8re\" width=\"300\" height=\"225\" srcset=\"http:\/\/www.bilbomag.fr\/fr\/wp-content\/uploads\/2016\/03\/FUNCHAL-2-11-300x225.jpg 300w, http:\/\/www.bilbomag.fr\/fr\/wp-content\/uploads\/2016\/03\/FUNCHAL-2-11-768x576.jpg 768w, http:\/\/www.bilbomag.fr\/fr\/wp-content\/uploads\/2016\/03\/FUNCHAL-2-11-1024x768.jpg 1024w, http:\/\/www.bilbomag.fr\/fr\/wp-content\/uploads\/2016\/03\/FUNCHAL-2-11-360x270.jpg 360w\" sizes=\"(max-width: 300px) 100vw, 300px\" \/><\/a><figcaption id=\"caption-attachment-165\" class=\"wp-caption-text\">Bouteilles de mad\u00e8re<\/figcaption><\/figure>\n<h1 style=\"text-align: center;\"><strong><span style=\"color: #800000;\">\u223c<\/span><\/strong><\/h1>\n<p style=\"text-align: center;\"><!--nextpage--><\/p>\n<h4><span style=\"color: #993300;\"><b>&#8230;FUNCHAL &#8211; Le march\u00e9 touristique \u00e0 Santa Maria Major<\/b><\/span><\/h4>\n<p style=\"text-align: justify;\">Le <i>march\u00e9 touristique<\/i>, situ\u00e9 dans le <b>vieux Funchal <\/b>est <strong>incontournable<\/strong>&nbsp;. Vous y trouverez de nombreux \u00e9tals color\u00e9s de fruits et l\u00e9gumes, de fleurs, et une salle pour la vente de poissons. Ce lieu est un vrai r\u00e9gal pour les yeux. Les \u00e9tals color\u00e9s sont bien agenc\u00e9s. <em><strong>N\u2019h\u00e9sitez pas \u00e0 acheter des fruits tropicaux, car ils sont aussi d\u00e9licieux que beaux \u00e0 voir<\/strong>.<\/em><\/p>\n<figure id=\"attachment_170\" aria-describedby=\"caption-attachment-170\" style=\"width: 640px\" class=\"wp-caption aligncenter\"><a href=\"http:\/\/www.bilbomag.fr\/fr\/madere-lile-aux-fleurs\/funchal-33\/\" rel=\"attachment wp-att-170\"><img decoding=\"async\" loading=\"lazy\" class=\"wp-image-170 size-large\" src=\"http:\/\/www.bilbomag.fr\/fr\/wp-content\/uploads\/2016\/03\/FUNCHAL-33-1024x768.jpg\" alt=\"Le march\u00e9 touristique de Funchal\" width=\"640\" height=\"480\" srcset=\"http:\/\/www.bilbomag.fr\/fr\/wp-content\/uploads\/2016\/03\/FUNCHAL-33-1024x768.jpg 1024w, http:\/\/www.bilbomag.fr\/fr\/wp-content\/uploads\/2016\/03\/FUNCHAL-33-300x225.jpg 300w, http:\/\/www.bilbomag.fr\/fr\/wp-content\/uploads\/2016\/03\/FUNCHAL-33-768x576.jpg 768w, http:\/\/www.bilbomag.fr\/fr\/wp-content\/uploads\/2016\/03\/FUNCHAL-33-360x270.jpg 360w\" sizes=\"(max-width: 640px) 100vw, 640px\" \/><\/a><figcaption id=\"caption-attachment-170\" class=\"wp-caption-text\">Etal du march\u00e9 touristique de Funchal, multi-couleur, compos\u00e9 de fruits tropicaux<\/figcaption><\/figure>\n<p>&nbsp;<\/p>\n<figure id=\"attachment_172\" aria-describedby=\"caption-attachment-172\" style=\"width: 300px\" class=\"wp-caption alignleft\"><a href=\"http:\/\/bilbomag.fr\/fr\/madere-lile-aux-fleurs\/funchal-34\/\" rel=\"attachment wp-att-172\"><img decoding=\"async\" loading=\"lazy\" class=\"size-medium wp-image-172\" src=\"http:\/\/bilbomag.fr\/fr\/wp-content\/uploads\/2016\/03\/FUNCHAL-34-300x225.jpg\" alt=\"Etal de fleurs au march\u00e9 touristique de Funchal\" width=\"300\" height=\"225\" srcset=\"http:\/\/www.bilbomag.fr\/fr\/wp-content\/uploads\/2016\/03\/FUNCHAL-34-300x225.jpg 300w, http:\/\/www.bilbomag.fr\/fr\/wp-content\/uploads\/2016\/03\/FUNCHAL-34-768x576.jpg 768w, http:\/\/www.bilbomag.fr\/fr\/wp-content\/uploads\/2016\/03\/FUNCHAL-34-1024x768.jpg 1024w, http:\/\/www.bilbomag.fr\/fr\/wp-content\/uploads\/2016\/03\/FUNCHAL-34-360x270.jpg 360w\" sizes=\"(max-width: 300px) 100vw, 300px\" \/><\/a><figcaption id=\"caption-attachment-172\" class=\"wp-caption-text\">Etal de fleurs au march\u00e9 touristique<\/figcaption><\/figure>\n<p>Ci-contre, la rose de porcelaine, magnifique fleur rustique qui se conserve longtemps dans les bouquets secs. Vous la trouverez en particulier sur <strong>l<\/strong><i><strong>e march\u00e9 aux fleurs<\/strong> de Funchal. Ces fleurs peuvent \u00eatre emball\u00e9s pour un transport en avion.<\/i><\/p>\n<p style=\"text-align: justify;\">Vous trouverez \u00e9galement l&rsquo;oiseau de paradis qui est l&#8217;embl\u00e8me de Mad\u00e8re, ainsi que d&rsquo;autres magnifiques fleurs tropicales.<\/p>\n<p>&nbsp;<\/p>\n<p>&nbsp;<\/p>\n<figure id=\"attachment_176\" aria-describedby=\"caption-attachment-176\" style=\"width: 640px\" class=\"wp-caption aligncenter\"><a href=\"http:\/\/www.bilbomag.fr\/fr\/madere-lile-aux-fleurs\/funchal-17\/\" rel=\"attachment wp-att-176\"><img decoding=\"async\" loading=\"lazy\" class=\"wp-image-176 size-large\" src=\"http:\/\/www.bilbomag.fr\/fr\/wp-content\/uploads\/2016\/03\/FUNCHAL-17-1024x768.jpg\" alt=\"Etal du march\u00e9 touristique de Funchal\" width=\"640\" height=\"480\" srcset=\"http:\/\/www.bilbomag.fr\/fr\/wp-content\/uploads\/2016\/03\/FUNCHAL-17-1024x768.jpg 1024w, http:\/\/www.bilbomag.fr\/fr\/wp-content\/uploads\/2016\/03\/FUNCHAL-17-300x225.jpg 300w, http:\/\/www.bilbomag.fr\/fr\/wp-content\/uploads\/2016\/03\/FUNCHAL-17-768x576.jpg 768w, http:\/\/www.bilbomag.fr\/fr\/wp-content\/uploads\/2016\/03\/FUNCHAL-17-360x270.jpg 360w\" sizes=\"(max-width: 640px) 100vw, 640px\" \/><\/a><figcaption id=\"caption-attachment-176\" class=\"wp-caption-text\">Etal du march\u00e9 touristique<\/figcaption><\/figure>\n<p>&nbsp;<\/p>\n<figure id=\"attachment_175\" aria-describedby=\"caption-attachment-175\" style=\"width: 300px\" class=\"wp-caption alignright\"><a href=\"http:\/\/www.bilbomag.fr\/fr\/wp-content\/uploads\/2016\/03\/FUNCHAL-9-1.jpg\"><img decoding=\"async\" loading=\"lazy\" class=\"wp-image-175 size-medium\" src=\"http:\/\/www.bilbomag.fr\/fr\/wp-content\/uploads\/2016\/03\/FUNCHAL-9-1-300x225.jpg\" alt=\"Espada, march\u00e9 aux poissons de Funchal\" width=\"300\" height=\"225\" srcset=\"http:\/\/www.bilbomag.fr\/fr\/wp-content\/uploads\/2016\/03\/FUNCHAL-9-1-300x225.jpg 300w, http:\/\/www.bilbomag.fr\/fr\/wp-content\/uploads\/2016\/03\/FUNCHAL-9-1-768x576.jpg 768w, http:\/\/www.bilbomag.fr\/fr\/wp-content\/uploads\/2016\/03\/FUNCHAL-9-1-1024x768.jpg 1024w, http:\/\/www.bilbomag.fr\/fr\/wp-content\/uploads\/2016\/03\/FUNCHAL-9-1-360x270.jpg 360w\" sizes=\"(max-width: 300px) 100vw, 300px\" \/><\/a><figcaption id=\"caption-attachment-175\" class=\"wp-caption-text\">Espada, march\u00e9 aux poissons de Funchal<\/figcaption><\/figure>\n<p>Dans la partie r\u00e9serv\u00e9e aux \u00e9tals de poissons, vous y trouverez l&rsquo;<b>espada<\/b>,&nbsp;&nbsp;poisson vivant <em>entre 800 et 1200 m\u00e8tres de profondeur, <\/em>pr\u00e8s des c\u00f4tes de Mad\u00e8re. Effrayant \u00e0 voir,&nbsp;&nbsp;il est d\u00e9licieux cuit avec de la banane et une sauce au fruit de la passion \u00ab&nbsp;maracuja&nbsp;\u00bb. <strong><i>C\u2019est une sp\u00e9cialit\u00e9 de Mad\u00e8re<\/i><\/strong>.<\/p>\n<p style=\"text-align: justify;\"><span style=\"color: #008080;\">Le march\u00e9 <strong>est ouvert tous les jours de la semaine. <\/strong>Il est ferm\u00e9&nbsp;&nbsp;le samedi apr\u00e8s-midi et le dimanche.&nbsp;<span style=\"color: #993300;\"> Evitez de vous y rendre le lundi<\/span>, car tous les \u00e9tals ne sont pas dress\u00e9s et le lieu est beaucoup moins vivant et agr\u00e9able \u00e0 visiter.<\/span><\/p>\n<h1 style=\"text-align: center;\"><span style=\"color: #800000;\"><strong>\u223c<\/strong><\/span><\/h1>\n<p><!--nextpage--><\/p>\n<p><span style=\"color: #993300;\"><strong>&#8230;<\/strong><strong>FUNCHAL &#8211; Le fort de Sao Tiago dans le quartier historique de Santa Maria Major<\/strong><\/span><\/p>\n<p>&nbsp;<\/p>\n<figure id=\"attachment_457\" aria-describedby=\"caption-attachment-457\" style=\"width: 685px\" class=\"wp-caption aligncenter\"><img decoding=\"async\" loading=\"lazy\" class=\"size-large wp-image-457\" src=\"http:\/\/www.bilbomag.fr\/fr\/wp-content\/uploads\/2016\/04\/IMGP4184-685x1024.jpg\" alt=\"Fort Sao Tiago, Funchal\" width=\"685\" height=\"1024\" srcset=\"http:\/\/www.bilbomag.fr\/fr\/wp-content\/uploads\/2016\/04\/IMGP4184-685x1024.jpg 685w, http:\/\/www.bilbomag.fr\/fr\/wp-content\/uploads\/2016\/04\/IMGP4184-201x300.jpg 201w, http:\/\/www.bilbomag.fr\/fr\/wp-content\/uploads\/2016\/04\/IMGP4184-768x1147.jpg 768w\" sizes=\"(max-width: 685px) 100vw, 685px\" \/><figcaption id=\"caption-attachment-457\" class=\"wp-caption-text\">Fort Sao Tiago, Funchal<\/figcaption><\/figure>\n<p><b>&nbsp;<\/b><\/p>\n<p style=\"text-align: justify;\"><b>L<\/b><b>e fort de Sao Tiago <\/b>a \u00e9t\u00e9 \u00e9rig\u00e9 au XVII\u00e8me si\u00e8cle pour prot\u00e9ger la ville contre les incessantes attaques des pirates, puis fut \u00e9largi au XVIII\u00e8me. Il se situe \u00e0 l\u2019extr\u00e9mit\u00e9 de <b><i>la vieille ville de Funchal<\/i><\/b>. Il a \u00e9t\u00e9 utilis\u00e9 \u00e0 des fins militaires, puis en 1992 a \u00e9t\u00e9 c\u00e9d\u00e9 au Gouvernement r\u00e9gional qui en a fait un mus\u00e9e d\u2019art contemporain.<\/p>\n<p>Vous y trouverez, dans l&rsquo;enceinte du fort de Sao&nbsp;Tiago<strong>&nbsp;un tr\u00e8s bon restaurant <\/strong>(coordonn\u00e9es page 33).<\/p>\n<h1 style=\"text-align: center;\"><span style=\"color: #800000;\"><strong>\u223c<\/strong><\/span><span style=\"color: #008080;\">&nbsp;<\/span><\/h1>\n<p><!--nextpage--><\/p>\n<h4><span style=\"color: #993300;\"><strong>&#8230;FUNCHAL &#8211; <\/strong><\/span><span style=\"color: #993300;\"><strong>La quinta das <\/strong><b>Cruzes <\/b><\/span><\/h4>\n<p style=\"text-align: justify;\">La <b>quinta<\/b> <b>das<\/b> <b>Cruzes<\/b> se situe dans <strong><em>un jardin botanique<\/em><\/strong> qui poss\u00e8de une serre d\u2019orchid\u00e9es et des pierres tombales. Cette maison a \u00e9t\u00e9 construite par <b>Zarco <\/b>est un mus\u00e9e (coordonn\u00e9es page 33). Elle contient une collection de meubles et ivoires portugais du 16\u00e8me si\u00e8cle ainsi que des meubles anglais et fran\u00e7ais des 17\u00e8me et 18\u00e8me si\u00e8cles.<\/p>\n<p>&nbsp;<\/p>\n<figure id=\"attachment_208\" aria-describedby=\"caption-attachment-208\" style=\"width: 150px\" class=\"wp-caption alignleft\"><a href=\"http:\/\/bilbomag.fr\/fr\/madere-lile-aux-fleurs\/funchal-quinta-das-cruzes-10\/\" rel=\"attachment wp-att-208\"><img decoding=\"async\" loading=\"lazy\" class=\"wp-image-208 size-thumbnail\" src=\"http:\/\/bilbomag.fr\/fr\/wp-content\/uploads\/2016\/03\/FUNCHAL-QUINTA-DAS-CRUZES-10-150x150.jpg\" alt=\"D\u00e9tail quinta das Cruzes Funchal\" width=\"150\" height=\"150\"><\/a><figcaption id=\"caption-attachment-208\" class=\"wp-caption-text\">pierre tombale<\/figcaption><\/figure>\n<figure id=\"attachment_209\" aria-describedby=\"caption-attachment-209\" style=\"width: 150px\" class=\"wp-caption alignleft\"><a href=\"http:\/\/bilbomag.fr\/fr\/madere-lile-aux-fleurs\/funchal-quinta-das-cruzes-5\/\" rel=\"attachment wp-att-209\"><img decoding=\"async\" loading=\"lazy\" class=\"wp-image-209 size-thumbnail\" src=\"http:\/\/bilbomag.fr\/fr\/wp-content\/uploads\/2016\/03\/FUNCHAL-QUINTA-DAS-CRUZES-5-150x150.jpg\" alt=\"jardin quinta das Cruzes \u00e0 Funchal\" width=\"150\" height=\"150\"><\/a><figcaption id=\"caption-attachment-209\" class=\"wp-caption-text\">jardin<\/figcaption><\/figure>\n<figure id=\"attachment_210\" aria-describedby=\"caption-attachment-210\" style=\"width: 150px\" class=\"wp-caption alignright\"><a href=\"http:\/\/bilbomag.fr\/fr\/madere-lile-aux-fleurs\/funchal-quinta-das-cruzes-6\/\" rel=\"attachment wp-att-210\"><img decoding=\"async\" loading=\"lazy\" class=\"wp-image-210 size-thumbnail\" src=\"http:\/\/bilbomag.fr\/fr\/wp-content\/uploads\/2016\/03\/FUNCHAL-QUINTA-DAS-CRUZES-6-150x150.jpg\" alt=\"jardin quinta das Cruzes, Funchal\" width=\"150\" height=\"150\"><\/a><figcaption id=\"caption-attachment-210\" class=\"wp-caption-text\">jardin<\/figcaption><\/figure>\n<figure id=\"attachment_214\" aria-describedby=\"caption-attachment-214\" style=\"width: 150px\" class=\"wp-caption alignright\"><a href=\"http:\/\/bilbomag.fr\/fr\/madere-lile-aux-fleurs\/funchal-quinta-das-cruzes-9\/\" rel=\"attachment wp-att-214\"><img decoding=\"async\" loading=\"lazy\" class=\"size-thumbnail wp-image-214\" src=\"http:\/\/bilbomag.fr\/fr\/wp-content\/uploads\/2016\/03\/FUNCHAL-QUINTA-DAS-CRUZES-9-150x150.jpg\" alt=\"quinta das Cruzes, \u00e0 Funchal\" width=\"150\" height=\"150\"><\/a><figcaption id=\"caption-attachment-214\" class=\"wp-caption-text\">vue de la quinta<\/figcaption><\/figure>\n<p>&nbsp;<\/p>\n<p>&nbsp;<\/p>\n<p>&nbsp;<\/p>\n<p>&nbsp;<\/p>\n<p>&nbsp;<\/p>\n<figure id=\"attachment_211\" aria-describedby=\"caption-attachment-211\" style=\"width: 640px\" class=\"wp-caption aligncenter\"><a href=\"http:\/\/bilbomag.fr\/fr\/madere-lile-aux-fleurs\/funchal-quinta-das-cruzes-2\/\" rel=\"attachment wp-att-211\"><img decoding=\"async\" loading=\"lazy\" class=\"size-large wp-image-211\" src=\"http:\/\/bilbomag.fr\/fr\/wp-content\/uploads\/2016\/03\/FUNCHAL-QUINTA-DAS-CRUZES-2-1024x768.jpg\" alt=\"quinta das Cruzes, Funchal\" width=\"640\" height=\"480\" srcset=\"http:\/\/www.bilbomag.fr\/fr\/wp-content\/uploads\/2016\/03\/FUNCHAL-QUINTA-DAS-CRUZES-2-1024x768.jpg 1024w, http:\/\/www.bilbomag.fr\/fr\/wp-content\/uploads\/2016\/03\/FUNCHAL-QUINTA-DAS-CRUZES-2-300x225.jpg 300w, http:\/\/www.bilbomag.fr\/fr\/wp-content\/uploads\/2016\/03\/FUNCHAL-QUINTA-DAS-CRUZES-2-768x576.jpg 768w, http:\/\/www.bilbomag.fr\/fr\/wp-content\/uploads\/2016\/03\/FUNCHAL-QUINTA-DAS-CRUZES-2-360x270.jpg 360w\" sizes=\"(max-width: 640px) 100vw, 640px\" \/><\/a><figcaption id=\"caption-attachment-211\" class=\"wp-caption-text\">quinta das Cruzes, Funchal<\/figcaption><\/figure>\n<h1 style=\"text-align: center;\"><span style=\"color: #800000;\"><strong>\u223c<\/strong><\/span><\/h1>\n<p><!--nextpage--><\/p>\n<h2><span style=\"color: #800000;\"><b>MONTE &#8211; PAROISSE DE FUNCHAL&#8230;<\/b><\/span><\/h2>\n<p>L\u2019\u00e9glise <b>Nossa<\/b> <b>Senhora<\/b><b> do Monte<\/b>, situ\u00e9e \u00e0 <b>Monte<\/b>, a \u00e9t\u00e9 construite au 18\u00e8me si\u00e8cle. La tombe de Carlos Habsbourg, <i>empereur d\u2019Autriche, de Hongrie et de Boh\u00eame<\/i>, exil\u00e9 \u00e0 Mad\u00e8re en 1931 se situe dans la chapelle lat\u00e9rale.<\/p>\n<figure id=\"attachment_220\" aria-describedby=\"caption-attachment-220\" style=\"width: 640px\" class=\"wp-caption aligncenter\"><a href=\"http:\/\/bilbomag.fr\/fr\/madere-lile-aux-fleurs\/monte-23\/\" rel=\"attachment wp-att-220\"><img decoding=\"async\" loading=\"lazy\" class=\"wp-image-220 size-large\" src=\"http:\/\/bilbomag.fr\/fr\/wp-content\/uploads\/2016\/03\/MONTE-23-1024x768.jpg\" alt=\"\u00e9glise Nossa Senora do Monte\" width=\"640\" height=\"480\" srcset=\"http:\/\/www.bilbomag.fr\/fr\/wp-content\/uploads\/2016\/03\/MONTE-23-1024x768.jpg 1024w, http:\/\/www.bilbomag.fr\/fr\/wp-content\/uploads\/2016\/03\/MONTE-23-300x225.jpg 300w, http:\/\/www.bilbomag.fr\/fr\/wp-content\/uploads\/2016\/03\/MONTE-23-768x576.jpg 768w, http:\/\/www.bilbomag.fr\/fr\/wp-content\/uploads\/2016\/03\/MONTE-23-360x270.jpg 360w\" sizes=\"(max-width: 640px) 100vw, 640px\" \/><\/a><figcaption id=\"caption-attachment-220\" class=\"wp-caption-text\">\u00e9glise Nossa Senora do Monte<\/figcaption><\/figure>\n<p>Du parvis de l&rsquo;\u00e9glise, vous avez <strong><i>un point de vue panoramique <\/i><\/strong>sur<b> Funchal<\/b>.<\/p>\n<figure id=\"attachment_221\" aria-describedby=\"caption-attachment-221\" style=\"width: 300px\" class=\"wp-caption alignleft\"><a href=\"http:\/\/bilbomag.fr\/fr\/madere-lile-aux-fleurs\/monte-18\/\" rel=\"attachment wp-att-221\"><img decoding=\"async\" loading=\"lazy\" class=\"size-medium wp-image-221\" src=\"http:\/\/bilbomag.fr\/fr\/wp-content\/uploads\/2016\/03\/MONTE-18-300x225.jpg\" alt=\"descente touristique en traineau \u00e0 Monte\" width=\"300\" height=\"225\" srcset=\"http:\/\/www.bilbomag.fr\/fr\/wp-content\/uploads\/2016\/03\/MONTE-18-300x225.jpg 300w, http:\/\/www.bilbomag.fr\/fr\/wp-content\/uploads\/2016\/03\/MONTE-18-768x576.jpg 768w, http:\/\/www.bilbomag.fr\/fr\/wp-content\/uploads\/2016\/03\/MONTE-18-1024x768.jpg 1024w, http:\/\/www.bilbomag.fr\/fr\/wp-content\/uploads\/2016\/03\/MONTE-18-360x270.jpg 360w\" sizes=\"(max-width: 300px) 100vw, 300px\" \/><\/a><figcaption id=\"caption-attachment-221\" class=\"wp-caption-text\">descente touristique en traineau<\/figcaption><\/figure>\n<p>Vous pouvez vous rendre \u00e0 <b>Monte<\/b>, soit par la route, soit en empruntant le t\u00e9l\u00e9ph\u00e9rique (coordonn\u00e9es page 33).<\/p>\n<p>La descente en traineau de la longue pente abrupte de <b>Monte<\/b> (environ 2 km) est <strong>une attraction<\/strong><b> touristique renomm\u00e9e et impressionnante, <\/b>comme le montre le visage de ces touristes.<\/p>\n<p>Ci-apr\u00e8s, le lien vers une petite vid\u00e9o du d\u00e9but de la descente en chariot &#8211;&nbsp;<a href=\"http:\/\/bilbomag.fr\/fr\/madere-lile-aux-fleurs\/madere-06-2013-monte-descente-en-chario\/\">descente en chariot de Monte (video)<\/a>.<\/p>\n<blockquote><p>Les 14 et 15 ao\u00fbt, <strong>une foule de p\u00e8lerins se d\u00e9place \u00e0 Monte, pour prier et payer des promesses<\/strong>. Un d\u00e9fil\u00e9 a lieu et les \u00ab&nbsp;repentis&nbsp;\u00bb montent les 74 marches de l\u2019\u00e9glise \u00e0 genoux. Une grande f\u00eate populaire s\u2019y d\u00e9roule et c\u2019est alors un des lieux les plus anim\u00e9s de l\u2019\u00eele.<\/p><\/blockquote>\n<p>&nbsp;<\/p>\n<h1 style=\"text-align: center;\"><span style=\"color: #800000;\"><strong>\u223c<\/strong><\/span><\/h1>\n<p style=\"text-align: justify;\"><!--nextpage--><\/p>\n<h4 style=\"text-align: justify;\"><span style=\"color: #993300;\"><b>&#8230;MONTE &#8211; Quinta do Monte &#8211; h\u00f4tel\/restaurant *****<\/b><\/span><\/h4>\n<p>La Quinta do Monte, est situ\u00e9e dans le c\u0153ur historique de Monte. C&rsquo;est un h\u00f4tel haut de gamme, qui b\u00e9n\u00e9ficie d&rsquo;une vue panoramique sur Funchal (coordonn\u00e9es page 33).<br \/>\nN\u2019h\u00e9sitez pas \u00e0 aller boire un verre au bar situ\u00e9 dans <b>le parc de la <\/b><b>quinta<\/b><b> do Monte<\/b>. La nature y est tr\u00e8s belle et luxuriante. Vous y trouverez \u00e9galement une petite chapelle joliment d\u00e9cor\u00e9e.<\/p>\n<p>&nbsp;<\/p>\n<figure id=\"attachment_233\" aria-describedby=\"caption-attachment-233\" style=\"width: 640px\" class=\"wp-caption aligncenter\"><a href=\"http:\/\/bilbomag.fr\/fr\/madere-lile-aux-fleurs\/monte-quinta-do-monte\/\" rel=\"attachment wp-att-233\"><img decoding=\"async\" loading=\"lazy\" class=\"size-large wp-image-233\" src=\"http:\/\/bilbomag.fr\/fr\/wp-content\/uploads\/2016\/03\/MONTE-QUINTA-DO-MONTE-1024x768.jpg\" alt=\"quinta do Monte, h\u00f4tel 5\" width=\"640\" height=\"480\" srcset=\"http:\/\/www.bilbomag.fr\/fr\/wp-content\/uploads\/2016\/03\/MONTE-QUINTA-DO-MONTE-1024x768.jpg 1024w, http:\/\/www.bilbomag.fr\/fr\/wp-content\/uploads\/2016\/03\/MONTE-QUINTA-DO-MONTE-300x225.jpg 300w, http:\/\/www.bilbomag.fr\/fr\/wp-content\/uploads\/2016\/03\/MONTE-QUINTA-DO-MONTE-768x576.jpg 768w, http:\/\/www.bilbomag.fr\/fr\/wp-content\/uploads\/2016\/03\/MONTE-QUINTA-DO-MONTE-360x270.jpg 360w\" sizes=\"(max-width: 640px) 100vw, 640px\" \/><\/a><figcaption id=\"caption-attachment-233\" class=\"wp-caption-text\">Quinta do Monte, h\u00f4tel 5*<\/figcaption><\/figure>\n<p>&nbsp;<\/p>\n<blockquote><p>Ci-apr\u00e8s, quelques photos du bar ext\u00e9rieur, du jardin, et de l&rsquo;\u00e9glise d\u00e9cor\u00e9e de belles mosa\u00efques typiques de Mad\u00e8re.<\/p><\/blockquote>\n<figure id=\"attachment_234\" aria-describedby=\"caption-attachment-234\" style=\"width: 150px\" class=\"wp-caption alignleft\"><a href=\"http:\/\/bilbomag.fr\/fr\/madere-lile-aux-fleurs\/monte-5\/\" rel=\"attachment wp-att-234\"><img decoding=\"async\" loading=\"lazy\" class=\"size-thumbnail wp-image-234\" src=\"http:\/\/bilbomag.fr\/fr\/wp-content\/uploads\/2016\/03\/MONTE-5-150x150.jpg\" alt=\"Foug\u00e8re arborescente \u00e0 Monte\" width=\"150\" height=\"150\"><\/a><figcaption id=\"caption-attachment-234\" class=\"wp-caption-text\">Foug\u00e8re arborescente<\/figcaption><\/figure>\n<figure id=\"attachment_235\" aria-describedby=\"caption-attachment-235\" style=\"width: 150px\" class=\"wp-caption alignright\"><a href=\"http:\/\/bilbomag.fr\/fr\/madere-lile-aux-fleurs\/monte-9\/\" rel=\"attachment wp-att-235\"><img decoding=\"async\" loading=\"lazy\" class=\"size-thumbnail wp-image-235\" src=\"http:\/\/bilbomag.fr\/fr\/wp-content\/uploads\/2016\/03\/MONTE-9-150x150.jpg\" alt=\"Chapelle, quinta do Monte\" width=\"150\" height=\"150\"><\/a><figcaption id=\"caption-attachment-235\" class=\"wp-caption-text\">La chapelle<\/figcaption><\/figure>\n<figure id=\"attachment_236\" aria-describedby=\"caption-attachment-236\" style=\"width: 150px\" class=\"wp-caption alignright\"><a href=\"http:\/\/bilbomag.fr\/fr\/madere-lile-aux-fleurs\/monte-10\/\" rel=\"attachment wp-att-236\"><img decoding=\"async\" loading=\"lazy\" class=\"size-thumbnail wp-image-236\" src=\"http:\/\/bilbomag.fr\/fr\/wp-content\/uploads\/2016\/03\/MONTE-10-150x150.jpg\" alt=\"Int\u00e9rieur chapelle, quinta do Monte\" width=\"150\" height=\"150\"><\/a><figcaption id=\"caption-attachment-236\" class=\"wp-caption-text\">mur en mosa\u00efques<\/figcaption><\/figure>\n<figure id=\"attachment_237\" aria-describedby=\"caption-attachment-237\" style=\"width: 150px\" class=\"wp-caption alignleft\"><a href=\"http:\/\/bilbomag.fr\/fr\/madere-lile-aux-fleurs\/monte-7\/\" rel=\"attachment wp-att-237\"><img decoding=\"async\" loading=\"lazy\" class=\"size-thumbnail wp-image-237\" src=\"http:\/\/bilbomag.fr\/fr\/wp-content\/uploads\/2016\/03\/MONTE-7-150x150.jpg\" alt=\"Bar ext\u00e9rieur, quinta do Monte\" width=\"150\" height=\"150\"><\/a><figcaption id=\"caption-attachment-237\" class=\"wp-caption-text\">Bar ext\u00e9rieur<\/figcaption><\/figure>\n<p>&nbsp;<\/p>\n<p>&nbsp;<\/p>\n<p>&nbsp;<\/p>\n<p>&nbsp;<\/p>\n<p>&nbsp;<\/p>\n<h1 style=\"text-align: center;\"><span style=\"color: #800000;\"><strong>\u223c<\/strong><\/span><\/h1>\n<p style=\"text-align: center;\"><!--nextpage--><\/p>\n<h2><span style=\"color: #800000;\"><b>SANTA CRUZ&#8230;<\/b><\/span><\/h2>\n<p style=\"text-align: justify;\">Le nom de cette commune viendrait <em>d\u2019une croix que les marins auraient fabriqu\u00e9 avec de vieux troncs renvers\u00e9s<\/em>, apr\u00e8s avoir accost\u00e9 la premi\u00e8re fois.<br \/>\nC\u2019est pr\u00e8s de cette ville que se situe <b><i>l\u2019a\u00e9roport international de Mad\u00e8re<\/i><\/b>, dont la piste a \u00e9t\u00e9 agrandie sur la mer.<\/p>\n<figure id=\"attachment_240\" aria-describedby=\"caption-attachment-240\" style=\"width: 640px\" class=\"wp-caption aligncenter\"><a href=\"http:\/\/bilbomag.fr\/fr\/madere-lile-aux-fleurs\/santa-cruz-9\/\" rel=\"attachment wp-att-240\"><img decoding=\"async\" loading=\"lazy\" class=\"size-large wp-image-240\" src=\"http:\/\/bilbomag.fr\/fr\/wp-content\/uploads\/2016\/04\/SANTA-CRUZ-9-1024x768.jpg\" alt=\"place de Santa Cruz\" width=\"640\" height=\"480\" srcset=\"http:\/\/www.bilbomag.fr\/fr\/wp-content\/uploads\/2016\/04\/SANTA-CRUZ-9-1024x768.jpg 1024w, http:\/\/www.bilbomag.fr\/fr\/wp-content\/uploads\/2016\/04\/SANTA-CRUZ-9-300x225.jpg 300w, http:\/\/www.bilbomag.fr\/fr\/wp-content\/uploads\/2016\/04\/SANTA-CRUZ-9-768x576.jpg 768w, http:\/\/www.bilbomag.fr\/fr\/wp-content\/uploads\/2016\/04\/SANTA-CRUZ-9-360x270.jpg 360w\" sizes=\"(max-width: 640px) 100vw, 640px\" \/><\/a><figcaption id=\"caption-attachment-240\" class=\"wp-caption-text\">place de Santa Cruz<\/figcaption><\/figure>\n<p>&nbsp;<\/p>\n<p style=\"text-align: justify;\">Des belv\u00e9d\u00e8res vous permettent de b\u00e9n\u00e9ficier <strong>de vues panoramiques<\/strong> sur la piste de l\u2019a\u00e9roport, la baie de <b>Santa Cruz <\/b>et les \u00eeles <b>Deserta<\/b>s.<\/p>\n<figure id=\"attachment_241\" aria-describedby=\"caption-attachment-241\" style=\"width: 300px\" class=\"wp-caption alignleft\"><a href=\"http:\/\/bilbomag.fr\/fr\/madere-lile-aux-fleurs\/santa-cruz-4\/\" rel=\"attachment wp-att-241\"><img decoding=\"async\" loading=\"lazy\" class=\"wp-image-241 size-medium\" src=\"http:\/\/bilbomag.fr\/fr\/wp-content\/uploads\/2016\/04\/SANTA-CRUZ-4-300x225.jpg\" alt=\"plage de Santa Cruz\" width=\"300\" height=\"225\" srcset=\"http:\/\/www.bilbomag.fr\/fr\/wp-content\/uploads\/2016\/04\/SANTA-CRUZ-4-300x225.jpg 300w, http:\/\/www.bilbomag.fr\/fr\/wp-content\/uploads\/2016\/04\/SANTA-CRUZ-4-768x576.jpg 768w, http:\/\/www.bilbomag.fr\/fr\/wp-content\/uploads\/2016\/04\/SANTA-CRUZ-4-1024x768.jpg 1024w, http:\/\/www.bilbomag.fr\/fr\/wp-content\/uploads\/2016\/04\/SANTA-CRUZ-4-360x270.jpg 360w\" sizes=\"(max-width: 300px) 100vw, 300px\" \/><\/a><figcaption id=\"caption-attachment-241\" class=\"wp-caption-text\">plage de Santa Cruz<\/figcaption><\/figure>\n<figure id=\"attachment_242\" aria-describedby=\"caption-attachment-242\" style=\"width: 300px\" class=\"wp-caption alignright\"><a href=\"http:\/\/bilbomag.fr\/fr\/madere-lile-aux-fleurs\/santa-cruz-6\/\" rel=\"attachment wp-att-242\"><img decoding=\"async\" loading=\"lazy\" class=\"wp-image-242 size-medium\" src=\"http:\/\/bilbomag.fr\/fr\/wp-content\/uploads\/2016\/04\/SANTA-CRUZ-6-300x225.jpg\" alt=\"Avion atterrissant\" width=\"300\" height=\"225\" srcset=\"http:\/\/www.bilbomag.fr\/fr\/wp-content\/uploads\/2016\/04\/SANTA-CRUZ-6-300x225.jpg 300w, http:\/\/www.bilbomag.fr\/fr\/wp-content\/uploads\/2016\/04\/SANTA-CRUZ-6-768x576.jpg 768w, http:\/\/www.bilbomag.fr\/fr\/wp-content\/uploads\/2016\/04\/SANTA-CRUZ-6-1024x768.jpg 1024w, http:\/\/www.bilbomag.fr\/fr\/wp-content\/uploads\/2016\/04\/SANTA-CRUZ-6-360x270.jpg 360w\" sizes=\"(max-width: 300px) 100vw, 300px\" \/><\/a><figcaption id=\"caption-attachment-242\" class=\"wp-caption-text\">Avion atterrissant<\/figcaption><\/figure>\n<p>&nbsp;<\/p>\n<p>&nbsp;<\/p>\n<h1 style=\"text-align: center;\"><\/h1>\n<h1 style=\"text-align: center;\"><\/h1>\n<h1 style=\"text-align: center;\"><span style=\"color: #800000;\"><strong>\u223c<\/strong><\/span><\/h1>\n<p><!--nextpage--><\/p>\n<h2><span style=\"color: #800000;\"><b>MACHICO&#8230;<\/b><\/span><\/h2>\n<p style=\"text-align: justify;\">C\u2019est sur la plage de <b>Machico<\/b> qu\u2019aurait d\u00e9barqu\u00e9 <b>Joao Gon\u00e7alves Zarco <\/b>et <b>Tristao <\/b><b>Vaz<\/b> <b>Texeira<\/b> en juillet 1419, et la premi\u00e8re messe y fut c\u00e9l\u00e9br\u00e9e par des pr\u00eatres franciscains en signe de remerciement pour cette d\u00e9couverte.<\/p>\n<p style=\"text-align: justify;\">Le nom de cette commune aurait pour origine <b>Machim<\/b>, aventurier anglais, qui aurait \u00e9rig\u00e9 une croix sur laquelle il aurait \u00e9crit son nom et celui de sa maitresse <b>Anne d\u2019<\/b><b>Arfet<\/b>, d\u00e9c\u00e9d\u00e9e. <b>Zarco <\/b>et <b>Tristao<\/b>, en faisant la reconnaissance de l\u2019\u00eele, et d\u00e9couvrant ladite croix auraient baptis\u00e9 ce lieu <b>Machico<\/b>.<\/p>\n<p style=\"text-align: justify;\">Au 15\u00e8me si\u00e8cle, la culture de la canne a permis la croissance \u00e9conomique et l\u2019enrichissement de quelques familles y demeurant. De nos jours, la principale activit\u00e9 de cette commune est la p\u00eache au thon.<\/p>\n<p style=\"text-align: justify;\">Le belv\u00e9d\u00e8re de <b>Pico do Facho <\/b>vous donne un point de vue sur <b>Machico<\/b>, les \u00eeles, ainsi que la pointe de <b>Sao Lourenco<\/b>. Vous pouvez \u00e9galement y pique-niquer.<\/p>\n<figure id=\"attachment_245\" aria-describedby=\"caption-attachment-245\" style=\"width: 150px\" class=\"wp-caption alignleft\"><a href=\"http:\/\/bilbomag.fr\/fr\/madere-lile-aux-fleurs\/machico-9\/\" rel=\"attachment wp-att-245\"><img decoding=\"async\" loading=\"lazy\" class=\"wp-image-245 size-thumbnail\" src=\"http:\/\/bilbomag.fr\/fr\/wp-content\/uploads\/2016\/04\/MACHICO-9-150x150.jpg\" alt=\"Machico\" width=\"150\" height=\"150\"><\/a><figcaption id=\"caption-attachment-245\" class=\"wp-caption-text\">Plage de Machico<\/figcaption><\/figure>\n<figure id=\"attachment_247\" aria-describedby=\"caption-attachment-247\" style=\"width: 150px\" class=\"wp-caption alignleft\"><a href=\"http:\/\/bilbomag.fr\/fr\/madere-lile-aux-fleurs\/machico-4\/\" rel=\"attachment wp-att-247\"><img decoding=\"async\" loading=\"lazy\" class=\"size-thumbnail wp-image-247\" src=\"http:\/\/bilbomag.fr\/fr\/wp-content\/uploads\/2016\/04\/MACHICO-4-150x150.jpg\" alt=\"Machico\" width=\"150\" height=\"150\"><\/a><figcaption id=\"caption-attachment-247\" class=\"wp-caption-text\">Machico<\/figcaption><\/figure>\n<figure id=\"attachment_248\" aria-describedby=\"caption-attachment-248\" style=\"width: 150px\" class=\"wp-caption alignright\"><a href=\"http:\/\/bilbomag.fr\/fr\/madere-lile-aux-fleurs\/machico-15\/\" rel=\"attachment wp-att-248\"><img decoding=\"async\" loading=\"lazy\" class=\"size-thumbnail wp-image-248\" src=\"http:\/\/bilbomag.fr\/fr\/wp-content\/uploads\/2016\/04\/MACHICO-15-150x150.jpg\" alt=\"trompe l'oeil\" width=\"150\" height=\"150\"><\/a><figcaption id=\"caption-attachment-248\" class=\"wp-caption-text\">trompe l&rsquo;\u0153il<\/figcaption><\/figure>\n<figure id=\"attachment_249\" aria-describedby=\"caption-attachment-249\" style=\"width: 150px\" class=\"wp-caption alignright\"><a href=\"http:\/\/bilbomag.fr\/fr\/madere-lile-aux-fleurs\/machico-28\/\" rel=\"attachment wp-att-249\"><img decoding=\"async\" loading=\"lazy\" class=\"size-thumbnail wp-image-249\" src=\"http:\/\/bilbomag.fr\/fr\/wp-content\/uploads\/2016\/04\/MACHICO-28-150x150.jpg\" alt=\"Vue de Machico du pico do facho\" width=\"150\" height=\"150\"><\/a><figcaption id=\"caption-attachment-249\" class=\"wp-caption-text\">Vue&nbsp;de Machico<\/figcaption><\/figure>\n<p>&nbsp;<\/p>\n<p>&nbsp;<\/p>\n<p>&nbsp;<\/p>\n<p>&nbsp;<\/p>\n<p>&nbsp;<\/p>\n<p>&nbsp;<\/p>\n<p>&nbsp;<\/p>\n<figure id=\"attachment_246\" aria-describedby=\"caption-attachment-246\" style=\"width: 640px\" class=\"wp-caption aligncenter\"><a href=\"http:\/\/bilbomag.fr\/fr\/madere-lile-aux-fleurs\/machico-3\/\" rel=\"attachment wp-att-246\"><img decoding=\"async\" loading=\"lazy\" class=\"size-large wp-image-246\" src=\"http:\/\/bilbomag.fr\/fr\/wp-content\/uploads\/2016\/04\/MACHICO-3-1024x768.jpg\" alt=\"b\u00e8lv\u00e9d\u00e8re, vue sur Machico\" width=\"640\" height=\"480\" srcset=\"http:\/\/www.bilbomag.fr\/fr\/wp-content\/uploads\/2016\/04\/MACHICO-3-1024x768.jpg 1024w, http:\/\/www.bilbomag.fr\/fr\/wp-content\/uploads\/2016\/04\/MACHICO-3-300x225.jpg 300w, http:\/\/www.bilbomag.fr\/fr\/wp-content\/uploads\/2016\/04\/MACHICO-3-768x576.jpg 768w, http:\/\/www.bilbomag.fr\/fr\/wp-content\/uploads\/2016\/04\/MACHICO-3-360x270.jpg 360w\" sizes=\"(max-width: 640px) 100vw, 640px\" \/><\/a><figcaption id=\"caption-attachment-246\" class=\"wp-caption-text\">b\u00e8lv\u00e9d\u00e8re, vue sur Machico et la c\u00f4te<\/figcaption><\/figure>\n<h1 style=\"text-align: center;\"><span style=\"color: #800000;\"><strong>\u223c<\/strong><\/span><\/h1>\n<p style=\"text-align: center;\"><!--nextpage--><\/p>\n<h4><span style=\"color: #993300;\"><b>&#8230;MACHICO &#8211; Le fort Nossa <b>Senhora<\/b><b> do <\/b><b>Amparo<\/b><\/b><\/span><\/h4>\n<p style=\"text-align: justify;\">Le fort de <b>Nossa<\/b> <b>Senhora<\/b><b> do <\/b><b>Amparo<\/b>, \u00e9rig\u00e9 en 1706, est de forme triangulaire pour d\u00e9fendre les deux c\u00f4t\u00e9s de la baie de Machico. Il a eu un r\u00f4le important dans la r\u00e9sistance aux troupes \u00ab&nbsp;<b>miguelistas<\/b>&nbsp;\u00bb qui pr\u00e9tendaient renverser le r\u00e9gime lib\u00e9ral de Mad\u00e8re. Ce fut le dernier bastion \u00e0 se rendre \u00e0 l\u2019arm\u00e9e absolutiste de <b>D. Miguel <\/b>en 1828.<\/p>\n<p style=\"text-align: justify;\">Ce fort est class\u00e9 \u00ab&nbsp;<i>monument d\u2019int\u00e9r\u00eat public<\/i>&nbsp;\u00bb.<\/p>\n<figure id=\"attachment_257\" aria-describedby=\"caption-attachment-257\" style=\"width: 640px\" class=\"wp-caption aligncenter\"><a href=\"http:\/\/bilbomag.fr\/fr\/madere-lile-aux-fleurs\/machico-24\/\" rel=\"attachment wp-att-257\"><img decoding=\"async\" loading=\"lazy\" class=\"wp-image-257 size-large\" src=\"http:\/\/bilbomag.fr\/fr\/wp-content\/uploads\/2016\/04\/MACHICO-24-1024x768.jpg\" alt=\"Le fort Nossa Senhora do Amparo \u00e0 Machico\" width=\"640\" height=\"480\" srcset=\"http:\/\/www.bilbomag.fr\/fr\/wp-content\/uploads\/2016\/04\/MACHICO-24-1024x768.jpg 1024w, http:\/\/www.bilbomag.fr\/fr\/wp-content\/uploads\/2016\/04\/MACHICO-24-300x225.jpg 300w, http:\/\/www.bilbomag.fr\/fr\/wp-content\/uploads\/2016\/04\/MACHICO-24-768x576.jpg 768w, http:\/\/www.bilbomag.fr\/fr\/wp-content\/uploads\/2016\/04\/MACHICO-24-360x270.jpg 360w\" sizes=\"(max-width: 640px) 100vw, 640px\" \/><\/a><figcaption id=\"caption-attachment-257\" class=\"wp-caption-text\">Le fort Nossa Senhora do Amparo \u00e0 Machico<\/figcaption><\/figure>\n<p>&nbsp;<\/p>\n<figure id=\"attachment_258\" aria-describedby=\"caption-attachment-258\" style=\"width: 300px\" class=\"wp-caption alignleft\"><a href=\"http:\/\/bilbomag.fr\/fr\/madere-lile-aux-fleurs\/machico-18\/\" rel=\"attachment wp-att-258\"><img decoding=\"async\" loading=\"lazy\" class=\"wp-image-258 size-medium\" src=\"http:\/\/bilbomag.fr\/fr\/wp-content\/uploads\/2016\/04\/MACHICO-18-300x225.jpg\" alt=\"l'int\u00e9rieur du fort de Machico\" width=\"300\" height=\"225\" srcset=\"http:\/\/www.bilbomag.fr\/fr\/wp-content\/uploads\/2016\/04\/MACHICO-18-300x225.jpg 300w, http:\/\/www.bilbomag.fr\/fr\/wp-content\/uploads\/2016\/04\/MACHICO-18-768x576.jpg 768w, http:\/\/www.bilbomag.fr\/fr\/wp-content\/uploads\/2016\/04\/MACHICO-18-1024x768.jpg 1024w, http:\/\/www.bilbomag.fr\/fr\/wp-content\/uploads\/2016\/04\/MACHICO-18-360x270.jpg 360w\" sizes=\"(max-width: 300px) 100vw, 300px\" \/><\/a><figcaption id=\"caption-attachment-258\" class=\"wp-caption-text\">int\u00e9rieur du fort<\/figcaption><\/figure>\n<figure id=\"attachment_259\" aria-describedby=\"caption-attachment-259\" style=\"width: 150px\" class=\"wp-caption alignright\"><a href=\"http:\/\/bilbomag.fr\/fr\/madere-lile-aux-fleurs\/machico-20\/\" rel=\"attachment wp-att-259\"><img decoding=\"async\" loading=\"lazy\" class=\"size-thumbnail wp-image-259\" src=\"http:\/\/bilbomag.fr\/fr\/wp-content\/uploads\/2016\/04\/MACHICO-20-150x150.jpg\" alt=\"Canon du fort de Machico\" width=\"150\" height=\"150\"><\/a><figcaption id=\"caption-attachment-259\" class=\"wp-caption-text\">canon dans le fort<\/figcaption><\/figure>\n<figure id=\"attachment_260\" aria-describedby=\"caption-attachment-260\" style=\"width: 150px\" class=\"wp-caption alignright\"><a href=\"http:\/\/bilbomag.fr\/fr\/madere-lile-aux-fleurs\/machico-22\/\" rel=\"attachment wp-att-260\"><img decoding=\"async\" loading=\"lazy\" class=\"size-thumbnail wp-image-260\" src=\"http:\/\/bilbomag.fr\/fr\/wp-content\/uploads\/2016\/04\/MACHICO-22-150x150.jpg\" alt=\"int\u00e9rieur du fort de Machico\" width=\"150\" height=\"150\"><\/a><figcaption id=\"caption-attachment-260\" class=\"wp-caption-text\">int\u00e9rieur du fort<\/figcaption><\/figure>\n<p>&nbsp;<\/p>\n<p>&nbsp;<\/p>\n<p>&nbsp;<\/p>\n<p>&nbsp;<\/p>\n<p>&nbsp;<\/p>\n<p>&nbsp;<\/p>\n<blockquote>\n<p style=\"text-align: justify;\">A <b>Machico<\/b>, vous trouverez, derri\u00e8re le fort, <strong>un tr\u00e8s bon restaurant <\/strong>(coordonn\u00e9es page 33).&nbsp; Quelques-unes&nbsp;de leurs&nbsp;sp\u00e9cialit\u00e9s sont&nbsp; :&nbsp; de <em><strong>l\u2019espada<\/strong> (poisson \u00e9p\u00e9e)&nbsp;cuisin\u00e9 avec de la banane et du jus de maracuja<\/em> \u00ab&nbsp;fruit de la passion&nbsp;\u00bb (c&rsquo;est d\u00e9licieux),&nbsp;<i>du<\/i> <em><strong>calamar<\/strong> grill\u00e9, ou du <strong>thon<\/strong>, ainsi que <strong>leur pain \u00e0 l\u2019ail<\/strong><\/em>.<\/p>\n<\/blockquote>\n<h1 style=\"text-align: center;\"><span style=\"color: #800000;\"><strong>\u223c<\/strong><\/span><\/h1>\n<p><!--nextpage--><\/p>\n<h2><span style=\"color: #800000;\"><b>PONTA DE SAO LOURENCO&#8230;<\/b><\/span><\/h2>\n<p style=\"text-align: justify;\"><strong>La Pointe de Sao Louren\u00e7o,<\/strong> \u00e0 l&rsquo;est de l\u2019\u00eele, est <strong>aride<\/strong> et ses roches sont calcaires. De nombreuses promenades p\u00e9destres peuvent s\u2019y faire sur des chemins balis\u00e9s. Une marina et un domaine ont \u00e9t\u00e9 construits \u00e0 baia d\u2019Abra. Cependant, \u00e0 cette p\u00e9riode de l\u2019ann\u00e9e, il y manque un peu d\u2019animations. Ce lieu semble endormi.<\/p>\n<figure id=\"attachment_273\" aria-describedby=\"caption-attachment-273\" style=\"width: 640px\" class=\"wp-caption aligncenter\"><a href=\"http:\/\/bilbomag.fr\/fr\/madere-lile-aux-fleurs\/ponta-de-sao-lourenzo-et-marina-12\/\" rel=\"attachment wp-att-273\"><img decoding=\"async\" loading=\"lazy\" class=\"size-large wp-image-273\" src=\"http:\/\/bilbomag.fr\/fr\/wp-content\/uploads\/2016\/04\/PONTA-DE-SAO-LOURENZO-ET-MARINA-12-1024x768.jpg\" alt=\"ponta de Sao Lourenzo\" width=\"640\" height=\"480\" srcset=\"http:\/\/www.bilbomag.fr\/fr\/wp-content\/uploads\/2016\/04\/PONTA-DE-SAO-LOURENZO-ET-MARINA-12-1024x768.jpg 1024w, http:\/\/www.bilbomag.fr\/fr\/wp-content\/uploads\/2016\/04\/PONTA-DE-SAO-LOURENZO-ET-MARINA-12-300x225.jpg 300w, http:\/\/www.bilbomag.fr\/fr\/wp-content\/uploads\/2016\/04\/PONTA-DE-SAO-LOURENZO-ET-MARINA-12-768x576.jpg 768w, http:\/\/www.bilbomag.fr\/fr\/wp-content\/uploads\/2016\/04\/PONTA-DE-SAO-LOURENZO-ET-MARINA-12-360x270.jpg 360w\" sizes=\"(max-width: 640px) 100vw, 640px\" \/><\/a><figcaption id=\"caption-attachment-273\" class=\"wp-caption-text\">ponta de Sao Lourenzo, chemins balis\u00e9s pour randonn\u00e9es p\u00e9destres et V.T.T.<\/figcaption><\/figure>\n<p>&nbsp;<\/p>\n<figure id=\"attachment_274\" aria-describedby=\"caption-attachment-274\" style=\"width: 300px\" class=\"wp-caption alignleft\"><a href=\"http:\/\/www.bilbomag.fr\/fr\/wp-content\/uploads\/2016\/04\/PONTA-DE-SAO-LOURENZO-ET-MARINA-15.jpg\" rel=\"attachment wp-att-274\"><img decoding=\"async\" loading=\"lazy\" class=\"wp-image-274 size-medium\" src=\"http:\/\/www.bilbomag.fr\/fr\/wp-content\/uploads\/2016\/04\/PONTA-DE-SAO-LOURENZO-ET-MARINA-15-300x225.jpg\" alt=\"ponta de Sao Lourenzo\" width=\"300\" height=\"225\" srcset=\"http:\/\/www.bilbomag.fr\/fr\/wp-content\/uploads\/2016\/04\/PONTA-DE-SAO-LOURENZO-ET-MARINA-15-300x225.jpg 300w, http:\/\/www.bilbomag.fr\/fr\/wp-content\/uploads\/2016\/04\/PONTA-DE-SAO-LOURENZO-ET-MARINA-15-768x576.jpg 768w, http:\/\/www.bilbomag.fr\/fr\/wp-content\/uploads\/2016\/04\/PONTA-DE-SAO-LOURENZO-ET-MARINA-15-1024x768.jpg 1024w, http:\/\/www.bilbomag.fr\/fr\/wp-content\/uploads\/2016\/04\/PONTA-DE-SAO-LOURENZO-ET-MARINA-15-360x270.jpg 360w\" sizes=\"(max-width: 300px) 100vw, 300px\" \/><\/a><figcaption id=\"caption-attachment-274\" class=\"wp-caption-text\">ponta de Sao Lourenzo<\/figcaption><\/figure>\n<figure id=\"attachment_275\" aria-describedby=\"caption-attachment-275\" style=\"width: 150px\" class=\"wp-caption alignright\"><a href=\"http:\/\/bilbomag.fr\/fr\/madere-lile-aux-fleurs\/ponta-de-sao-lourenzo-et-marina-9\/\" rel=\"attachment wp-att-275\"><img decoding=\"async\" loading=\"lazy\" class=\"size-thumbnail wp-image-275\" src=\"http:\/\/bilbomag.fr\/fr\/wp-content\/uploads\/2016\/04\/PONTA-DE-SAO-LOURENZO-ET-MARINA-9-150x150.jpg\" alt=\"ponta de Sao Lourenzo, marina\" width=\"150\" height=\"150\"><\/a><figcaption id=\"caption-attachment-275\" class=\"wp-caption-text\">vue sur la marina<\/figcaption><\/figure>\n<figure id=\"attachment_277\" aria-describedby=\"caption-attachment-277\" style=\"width: 150px\" class=\"wp-caption alignright\"><a href=\"http:\/\/bilbomag.fr\/fr\/madere-lile-aux-fleurs\/ponta-de-sao-lourenzo-et-marina-8\/\" rel=\"attachment wp-att-277\"><img decoding=\"async\" loading=\"lazy\" class=\"size-thumbnail wp-image-277\" src=\"http:\/\/bilbomag.fr\/fr\/wp-content\/uploads\/2016\/04\/PONTA-DE-SAO-LOURENZO-ET-MARINA-8-150x150.jpg\" alt=\"Ponta de Sao Lourenzo, marina\" width=\"150\" height=\"150\"><\/a><figcaption id=\"caption-attachment-277\" class=\"wp-caption-text\">marina<\/figcaption><\/figure>\n<p>&nbsp;<\/p>\n<h1 style=\"text-align: center;\"><\/h1>\n<h1 style=\"text-align: center;\"><\/h1>\n<h1 style=\"text-align: center;\"><span style=\"color: #800000;\"><strong>\u223c<\/strong><\/span><\/h1>\n<p>&nbsp;<\/p>\n<p><!--nextpage--><\/p>\n<h2><strong><span style=\"color: #800000;\">SANTANA&#8230;<\/span><\/strong><\/h2>\n<figure id=\"attachment_281\" aria-describedby=\"caption-attachment-281\" style=\"width: 225px\" class=\"wp-caption alignleft\"><a href=\"http:\/\/bilbomag.fr\/fr\/madere-lile-aux-fleurs\/santana-14\/\" rel=\"attachment wp-att-281\"><img decoding=\"async\" loading=\"lazy\" class=\"size-medium wp-image-281\" src=\"http:\/\/bilbomag.fr\/fr\/wp-content\/uploads\/2016\/04\/SANTANA-14-225x300.jpg\" alt=\"Santana, boutique touristique\" width=\"225\" height=\"300\" srcset=\"http:\/\/www.bilbomag.fr\/fr\/wp-content\/uploads\/2016\/04\/SANTANA-14-225x300.jpg 225w, http:\/\/www.bilbomag.fr\/fr\/wp-content\/uploads\/2016\/04\/SANTANA-14-768x1024.jpg 768w, http:\/\/www.bilbomag.fr\/fr\/wp-content\/uploads\/2016\/04\/SANTANA-14-203x270.jpg 203w\" sizes=\"(max-width: 225px) 100vw, 225px\" \/><\/a><figcaption id=\"caption-attachment-281\" class=\"wp-caption-text\">Santana, boutique touristique<\/figcaption><\/figure>\n<p style=\"text-align: justify;\"><b>Santana<\/b> se situe sur la c\u00f4te nord de l\u2019\u00eele. Elle doit son nom \u00e0 <b>Santa\u2019Ana<\/b>. La chapelle d\u2019origine qui lui \u00e9tait d\u00e9di\u00e9e a \u00e9t\u00e9 d\u00e9truite \u00e0 la fin du 17\u00e8me si\u00e8cle.<\/p>\n<p style=\"text-align: justify;\">Le relief est accident\u00e9, et la ville a \u00e9t\u00e9 longtemps isol\u00e9e, ce qui explique le style architectural de ses typiques maisons couvertes de chaume. La commune \u00e9tait tr\u00e8s riche en production de bl\u00e9, ma\u00efs, canne, vin et b\u00e9tail.<\/p>\n<p style=\"text-align: justify;\">Aujourd\u2019hui, <em>le secteur touristique est l\u2019une des principales ressources \u00e9conomiques de la ville<\/em>.<\/p>\n<p>&nbsp;<\/p>\n<figure id=\"attachment_279\" aria-describedby=\"caption-attachment-279\" style=\"width: 640px\" class=\"wp-caption aligncenter\"><a href=\"http:\/\/bilbomag.fr\/fr\/madere-lile-aux-fleurs\/imgp4078\/\" rel=\"attachment wp-att-279\"><img decoding=\"async\" loading=\"lazy\" class=\"size-large wp-image-279\" src=\"http:\/\/bilbomag.fr\/fr\/wp-content\/uploads\/2016\/04\/IMGP4078-1024x685.jpg\" alt=\"SANTANA, maisonnette\" width=\"640\" height=\"428\" srcset=\"http:\/\/www.bilbomag.fr\/fr\/wp-content\/uploads\/2016\/04\/IMGP4078-1024x685.jpg 1024w, http:\/\/www.bilbomag.fr\/fr\/wp-content\/uploads\/2016\/04\/IMGP4078-300x201.jpg 300w, http:\/\/www.bilbomag.fr\/fr\/wp-content\/uploads\/2016\/04\/IMGP4078-768x514.jpg 768w, http:\/\/www.bilbomag.fr\/fr\/wp-content\/uploads\/2016\/04\/IMGP4078-403x270.jpg 403w\" sizes=\"(max-width: 640px) 100vw, 640px\" \/><\/a><figcaption id=\"caption-attachment-279\" class=\"wp-caption-text\">SANTANA, maisonnette, centre touristique<\/figcaption><\/figure>\n<h1 style=\"text-align: center;\"><span style=\"color: #800000;\"><strong>\u223c<\/strong><\/span><\/h1>\n<p><!--nextpage--><\/p>\n<h2><strong><span style=\"color: #800000;\">RIBEIRO FRIO (880 m)&#8230;<\/span><\/strong><\/h2>\n<figure id=\"attachment_298\" aria-describedby=\"caption-attachment-298\" style=\"width: 640px\" class=\"wp-caption aligncenter\"><a href=\"http:\/\/bilbomag.fr\/fr\/madere-lile-aux-fleurs\/ribeiro-frio-5\/\" rel=\"attachment wp-att-298\"><img decoding=\"async\" loading=\"lazy\" class=\"wp-image-298 size-large\" src=\"http:\/\/bilbomag.fr\/fr\/wp-content\/uploads\/2016\/04\/RIBEIRO-FRIO-5-1024x768.jpg\" alt=\"Ribeiro Frio - centre\" width=\"640\" height=\"480\" srcset=\"http:\/\/www.bilbomag.fr\/fr\/wp-content\/uploads\/2016\/04\/RIBEIRO-FRIO-5-1024x768.jpg 1024w, http:\/\/www.bilbomag.fr\/fr\/wp-content\/uploads\/2016\/04\/RIBEIRO-FRIO-5-300x225.jpg 300w, http:\/\/www.bilbomag.fr\/fr\/wp-content\/uploads\/2016\/04\/RIBEIRO-FRIO-5-768x576.jpg 768w, http:\/\/www.bilbomag.fr\/fr\/wp-content\/uploads\/2016\/04\/RIBEIRO-FRIO-5-360x270.jpg 360w\" sizes=\"(max-width: 640px) 100vw, 640px\" \/><\/a><figcaption id=\"caption-attachment-298\" class=\"wp-caption-text\">Ribeiro Frio &#8211; centre d&rsquo;\u00e9tude de la for\u00eat primaire<\/figcaption><\/figure>\n<p>&nbsp;<\/p>\n<p style=\"text-align: justify;\">Ribeiro Frio est <strong><em>class\u00e9 par l\u2019UNESCO<\/em><\/strong> <em><strong>parc naturel<\/strong><\/em> gr\u00e2ce \u00e0 la richesse de la for\u00eat de Laurissilva. Des promenades balis\u00e9es avec guide permettent de d\u00e9couvrir ce patrimoine naturel, sa faune et sa flore.<\/p>\n<figure id=\"attachment_291\" aria-describedby=\"caption-attachment-291\" style=\"width: 300px\" class=\"wp-caption alignleft\"><a href=\"http:\/\/bilbomag.fr\/fr\/madere-lile-aux-fleurs\/madere-028\/\" rel=\"attachment wp-att-291\"><img decoding=\"async\" loading=\"lazy\" class=\"size-medium wp-image-291\" src=\"http:\/\/bilbomag.fr\/fr\/wp-content\/uploads\/2016\/04\/madere-028-300x225.jpg\" alt=\"Nature Ribeiro Frio\" width=\"300\" height=\"225\" srcset=\"http:\/\/www.bilbomag.fr\/fr\/wp-content\/uploads\/2016\/04\/madere-028-300x225.jpg 300w, http:\/\/www.bilbomag.fr\/fr\/wp-content\/uploads\/2016\/04\/madere-028-768x576.jpg 768w, http:\/\/www.bilbomag.fr\/fr\/wp-content\/uploads\/2016\/04\/madere-028-1024x768.jpg 1024w, http:\/\/www.bilbomag.fr\/fr\/wp-content\/uploads\/2016\/04\/madere-028-360x270.jpg 360w\" sizes=\"(max-width: 300px) 100vw, 300px\" \/><\/a><figcaption id=\"caption-attachment-291\" class=\"wp-caption-text\">nature \u00e0 Ribeiro Frio<\/figcaption><\/figure>\n<figure id=\"attachment_297\" aria-describedby=\"caption-attachment-297\" style=\"width: 225px\" class=\"wp-caption alignleft\"><a href=\"http:\/\/bilbomag.fr\/fr\/madere-lile-aux-fleurs\/ribeiro-frio-6\/\" rel=\"attachment wp-att-297\"><img decoding=\"async\" loading=\"lazy\" class=\"size-medium wp-image-297\" src=\"http:\/\/bilbomag.fr\/fr\/wp-content\/uploads\/2016\/04\/RIBEIRO-FRIO-6-225x300.jpg\" alt=\"Ribeiro Frio\" width=\"225\" height=\"300\" srcset=\"http:\/\/www.bilbomag.fr\/fr\/wp-content\/uploads\/2016\/04\/RIBEIRO-FRIO-6-225x300.jpg 225w, http:\/\/www.bilbomag.fr\/fr\/wp-content\/uploads\/2016\/04\/RIBEIRO-FRIO-6-768x1024.jpg 768w, http:\/\/www.bilbomag.fr\/fr\/wp-content\/uploads\/2016\/04\/RIBEIRO-FRIO-6-203x270.jpg 203w\" sizes=\"(max-width: 225px) 100vw, 225px\" \/><\/a><figcaption id=\"caption-attachment-297\" class=\"wp-caption-text\">Ribeiro Frio<\/figcaption><\/figure>\n<figure id=\"attachment_290\" aria-describedby=\"caption-attachment-290\" style=\"width: 300px\" class=\"wp-caption alignright\"><a href=\"http:\/\/bilbomag.fr\/fr\/madere-lile-aux-fleurs\/madere-032\/\" rel=\"attachment wp-att-290\"><img decoding=\"async\" loading=\"lazy\" class=\"size-medium wp-image-290\" src=\"http:\/\/bilbomag.fr\/fr\/wp-content\/uploads\/2016\/04\/madere-032-300x225.jpg\" alt=\"bassin \u00e9levage truites\" width=\"300\" height=\"225\" srcset=\"http:\/\/www.bilbomag.fr\/fr\/wp-content\/uploads\/2016\/04\/madere-032-300x225.jpg 300w, http:\/\/www.bilbomag.fr\/fr\/wp-content\/uploads\/2016\/04\/madere-032-768x576.jpg 768w, http:\/\/www.bilbomag.fr\/fr\/wp-content\/uploads\/2016\/04\/madere-032-1024x768.jpg 1024w, http:\/\/www.bilbomag.fr\/fr\/wp-content\/uploads\/2016\/04\/madere-032-360x270.jpg 360w\" sizes=\"(max-width: 300px) 100vw, 300px\" \/><\/a><figcaption id=\"caption-attachment-290\" class=\"wp-caption-text\">bassin d&rsquo;\u00e9levage de truites<\/figcaption><\/figure>\n<p>&nbsp;<\/p>\n<p>&nbsp;<\/p>\n<p>&nbsp;<\/p>\n<p>&nbsp;<\/p>\n<p>&nbsp;<\/p>\n<p>&nbsp;<\/p>\n<p>&nbsp;<\/p>\n<p style=\"text-align: justify;\">Un \u00e9levage de truites s\u2019y trouve. Dans les diff\u00e9rents bassins, vous pouvez y d\u00e9couvrir des truites \u00e0&nbsp;diff\u00e9rentes&nbsp;stades de croissance. Des restaurants, pr\u00e8s de ce site,&nbsp;vous permettent de d\u00e9guster ce poisson (coordonn\u00e9es page 33).<\/p>\n<p>&nbsp;<\/p>\n<p><!--nextpage--><\/p>\n<h2><span style=\"color: #800000;\"><strong><b>PICO DO ARIEIRO (1810 m)&#8230;<\/b><\/strong><\/span><\/h2>\n<p style=\"text-align: justify;\">Une jolie route m\u00e8ne au <b>pico do <\/b><b>Arieiro<\/b> qui culmine \u00e0 <em>1810 m<\/em> d\u2019altitude. A certains endroits, une belle mer de nuage bouche l\u2019horizon, et vient cogner sur le flanc de la montage. Puis, quelques m\u00e8tres plus loin, plus (ou peu) de nuages et une nouvelle magie op\u00e8re.<\/p>\n<p><a href=\"http:\/\/bilbomag.fr\/fr\/madere-lile-aux-fleurs\/route-des-cretes-de-porto-moniz-a-serra-de-agua-puis-retour-ribeira-brava-14\/\" rel=\"attachment wp-att-308\"><img decoding=\"async\" loading=\"lazy\" class=\"aligncenter size-large wp-image-308\" src=\"http:\/\/bilbomag.fr\/fr\/wp-content\/uploads\/2016\/04\/ROUTE-DES-CRETES-DE-PORTO-MONIZ-A-SERRA-DE-AGUA-PUIS-RETOUR-RIBEIRA-BRAVA-14-1024x768.jpg\" alt=\"ROUTE DES CRETES DE PORTO MONIZ A SERRA DE AGUA PUIS RETOUR RIBEIRA BRAVA (14)\" width=\"640\" height=\"480\" srcset=\"http:\/\/www.bilbomag.fr\/fr\/wp-content\/uploads\/2016\/04\/ROUTE-DES-CRETES-DE-PORTO-MONIZ-A-SERRA-DE-AGUA-PUIS-RETOUR-RIBEIRA-BRAVA-14-1024x768.jpg 1024w, http:\/\/www.bilbomag.fr\/fr\/wp-content\/uploads\/2016\/04\/ROUTE-DES-CRETES-DE-PORTO-MONIZ-A-SERRA-DE-AGUA-PUIS-RETOUR-RIBEIRA-BRAVA-14-300x225.jpg 300w, http:\/\/www.bilbomag.fr\/fr\/wp-content\/uploads\/2016\/04\/ROUTE-DES-CRETES-DE-PORTO-MONIZ-A-SERRA-DE-AGUA-PUIS-RETOUR-RIBEIRA-BRAVA-14-768x576.jpg 768w, http:\/\/www.bilbomag.fr\/fr\/wp-content\/uploads\/2016\/04\/ROUTE-DES-CRETES-DE-PORTO-MONIZ-A-SERRA-DE-AGUA-PUIS-RETOUR-RIBEIRA-BRAVA-14-360x270.jpg 360w\" sizes=\"(max-width: 640px) 100vw, 640px\" \/><\/a><\/p>\n<p>&nbsp;<\/p>\n<figure id=\"attachment_309\" aria-describedby=\"caption-attachment-309\" style=\"width: 150px\" class=\"wp-caption alignleft\"><a href=\"http:\/\/bilbomag.fr\/fr\/madere-lile-aux-fleurs\/route-et-pico-de-arieiro-7\/\" rel=\"attachment wp-att-309\"><img decoding=\"async\" loading=\"lazy\" class=\"size-thumbnail wp-image-309\" src=\"http:\/\/bilbomag.fr\/fr\/wp-content\/uploads\/2016\/04\/ROUTE-ET-PICO-DE-ARIEIRO-7-150x150.jpg\" alt=\"pico de Arieiro site\" width=\"150\" height=\"150\"><\/a><figcaption id=\"caption-attachment-309\" class=\"wp-caption-text\">vue panoramique<\/figcaption><\/figure>\n<figure id=\"attachment_310\" aria-describedby=\"caption-attachment-310\" style=\"width: 150px\" class=\"wp-caption alignleft\"><a href=\"http:\/\/bilbomag.fr\/fr\/madere-lile-aux-fleurs\/route-et-pico-de-arieiro-2\/\" rel=\"attachment wp-att-310\"><img decoding=\"async\" loading=\"lazy\" class=\"size-thumbnail wp-image-310\" src=\"http:\/\/bilbomag.fr\/fr\/wp-content\/uploads\/2016\/04\/ROUTE-ET-PICO-DE-ARIEIRO-2-150x150.jpg\" alt=\"route pico de Arieiro\" width=\"150\" height=\"150\"><\/a><figcaption id=\"caption-attachment-310\" class=\"wp-caption-text\">mer de nuage<\/figcaption><\/figure>\n<figure id=\"attachment_311\" aria-describedby=\"caption-attachment-311\" style=\"width: 150px\" class=\"wp-caption alignright\"><a href=\"http:\/\/bilbomag.fr\/fr\/madere-lile-aux-fleurs\/route-et-pico-de-arieiro-9\/\" rel=\"attachment wp-att-311\"><img decoding=\"async\" loading=\"lazy\" class=\"size-thumbnail wp-image-311\" src=\"http:\/\/bilbomag.fr\/fr\/wp-content\/uploads\/2016\/04\/ROUTE-ET-PICO-DE-ARIEIRO-9-150x150.jpg\" alt=\"pico de Arieiro\" width=\"150\" height=\"150\"><\/a><figcaption id=\"caption-attachment-311\" class=\"wp-caption-text\">pico de Arieiro<\/figcaption><\/figure>\n<figure id=\"attachment_312\" aria-describedby=\"caption-attachment-312\" style=\"width: 150px\" class=\"wp-caption alignright\"><a href=\"http:\/\/bilbomag.fr\/fr\/madere-lile-aux-fleurs\/route-et-pico-de-arieiro-1\/\" rel=\"attachment wp-att-312\"><img decoding=\"async\" loading=\"lazy\" class=\"size-thumbnail wp-image-312\" src=\"http:\/\/bilbomag.fr\/fr\/wp-content\/uploads\/2016\/04\/ROUTE-ET-PICO-DE-ARIEIRO-1-150x150.jpg\" alt=\"route pico de Arieiro\" width=\"150\" height=\"150\"><\/a><figcaption id=\"caption-attachment-312\" class=\"wp-caption-text\">vue panoramique<\/figcaption><\/figure>\n<p>&nbsp;<\/p>\n<p>&nbsp;<\/p>\n<p>&nbsp;<\/p>\n<p>&nbsp;<\/p>\n<p>&nbsp;<\/p>\n<p><!--nextpage--><\/p>\n<h2><span style=\"color: #800000;\"><b>COTE NORD VERS FAIAL&#8230;<\/b><\/span><\/h2>\n<p style=\"text-align: justify;\">La falaise surplombe la mer. L&rsquo;homme est bien petit face \u00e0 l&rsquo;immensit\u00e9 de la nature&#8230;.<\/p>\n<figure id=\"attachment_323\" aria-describedby=\"caption-attachment-323\" style=\"width: 640px\" class=\"wp-caption aligncenter\"><a href=\"http:\/\/bilbomag.fr\/fr\/madere-lile-aux-fleurs\/route-cote-nord-du-cote-de-faial-8\/\" rel=\"attachment wp-att-323\"><img decoding=\"async\" loading=\"lazy\" class=\"size-large wp-image-323\" src=\"http:\/\/bilbomag.fr\/fr\/wp-content\/uploads\/2016\/04\/route-cote-nord-du-cot\u00e9-de-Faial-8-1024x768.jpg\" alt=\"c\u00f4te nord vers Faial\" width=\"640\" height=\"480\" srcset=\"http:\/\/www.bilbomag.fr\/fr\/wp-content\/uploads\/2016\/04\/route-cote-nord-du-cot\u00e9-de-Faial-8-1024x768.jpg 1024w, http:\/\/www.bilbomag.fr\/fr\/wp-content\/uploads\/2016\/04\/route-cote-nord-du-cot\u00e9-de-Faial-8-300x225.jpg 300w, http:\/\/www.bilbomag.fr\/fr\/wp-content\/uploads\/2016\/04\/route-cote-nord-du-cot\u00e9-de-Faial-8-768x576.jpg 768w, http:\/\/www.bilbomag.fr\/fr\/wp-content\/uploads\/2016\/04\/route-cote-nord-du-cot\u00e9-de-Faial-8-360x270.jpg 360w\" sizes=\"(max-width: 640px) 100vw, 640px\" \/><\/a><figcaption id=\"caption-attachment-323\" class=\"wp-caption-text\">c\u00f4te nord vers Faial<\/figcaption><\/figure>\n<p>&nbsp;<\/p>\n<figure id=\"attachment_322\" aria-describedby=\"caption-attachment-322\" style=\"width: 640px\" class=\"wp-caption aligncenter\"><a href=\"http:\/\/bilbomag.fr\/fr\/madere-lile-aux-fleurs\/route-cote-nord-du-cote-de-faial-19\/\" rel=\"attachment wp-att-322\"><img decoding=\"async\" loading=\"lazy\" class=\"wp-image-322 size-large\" src=\"http:\/\/bilbomag.fr\/fr\/wp-content\/uploads\/2016\/04\/route-cote-nord-du-cot\u00e9-de-Faial-19-1024x768.jpg\" alt=\"route cote nord du cot\u00e9 de Faial \" width=\"640\" height=\"480\" srcset=\"http:\/\/www.bilbomag.fr\/fr\/wp-content\/uploads\/2016\/04\/route-cote-nord-du-cot\u00e9-de-Faial-19-1024x768.jpg 1024w, http:\/\/www.bilbomag.fr\/fr\/wp-content\/uploads\/2016\/04\/route-cote-nord-du-cot\u00e9-de-Faial-19-300x225.jpg 300w, http:\/\/www.bilbomag.fr\/fr\/wp-content\/uploads\/2016\/04\/route-cote-nord-du-cot\u00e9-de-Faial-19-768x576.jpg 768w, http:\/\/www.bilbomag.fr\/fr\/wp-content\/uploads\/2016\/04\/route-cote-nord-du-cot\u00e9-de-Faial-19-360x270.jpg 360w\" sizes=\"(max-width: 640px) 100vw, 640px\" \/><\/a><figcaption id=\"caption-attachment-322\" class=\"wp-caption-text\">c\u00f4te nord vers Faial &#8211; <strong>grandiose<\/strong><\/figcaption><\/figure>\n<h1 style=\"text-align: center;\"><span style=\"color: #800000;\"><strong>\u223c<\/strong><\/span><\/h1>\n<p><!--nextpage--><\/p>\n<h2><span style=\"color: #800000;\"><b>CURRAL DAS FREIRAS (633 m) &#8211; BELVEDERE EIRA DO SERRADO&#8230;<\/b><\/span><\/h2>\n<p style=\"text-align: justify;\">Sur la route vers <b>Curral<\/b> <b>das<\/b> <b>Freiras<\/b>, le belv\u00e9d\u00e8re de <b>l\u2019<\/b><b>Eira<\/b><b> do <\/b><b>Serrado<\/b>, \u00e0 <strong>1095 m\u00e8tres<\/strong> d\u2019altitude, domine le crat\u00e8re \u00e9teint au fond duquel se dresse <b>Curral<\/b> <b>das<\/b> <b>Freiras<\/b>. Une route tortueuse permet d\u2019y descendre. Vous y trouverez des cultures en terrasse sur la flanc de la montagne escarp\u00e9e.<\/p>\n<p style=\"text-align: justify;\">Les religieuses venaient se r\u00e9fugier dans ce cirque lors des attaques des pirates.<\/p>\n<figure id=\"attachment_347\" aria-describedby=\"caption-attachment-347\" style=\"width: 640px\" class=\"wp-caption aligncenter\"><a href=\"http:\/\/bilbomag.fr\/fr\/madere-lile-aux-fleurs\/cirque-curral-das-freiras-41\/\" rel=\"attachment wp-att-347\"><img decoding=\"async\" loading=\"lazy\" class=\"size-large wp-image-347\" src=\"http:\/\/bilbomag.fr\/fr\/wp-content\/uploads\/2016\/04\/CIRQUE-CURRAL-DAS-FREIRAS-41-1024x768.jpg\" alt=\"Cirque Curral das Freiras\" width=\"640\" height=\"480\" srcset=\"http:\/\/www.bilbomag.fr\/fr\/wp-content\/uploads\/2016\/04\/CIRQUE-CURRAL-DAS-FREIRAS-41-1024x768.jpg 1024w, http:\/\/www.bilbomag.fr\/fr\/wp-content\/uploads\/2016\/04\/CIRQUE-CURRAL-DAS-FREIRAS-41-300x225.jpg 300w, http:\/\/www.bilbomag.fr\/fr\/wp-content\/uploads\/2016\/04\/CIRQUE-CURRAL-DAS-FREIRAS-41-768x576.jpg 768w, http:\/\/www.bilbomag.fr\/fr\/wp-content\/uploads\/2016\/04\/CIRQUE-CURRAL-DAS-FREIRAS-41-360x270.jpg 360w\" sizes=\"(max-width: 640px) 100vw, 640px\" \/><\/a><figcaption id=\"caption-attachment-347\" class=\"wp-caption-text\">Cirque Curral das Freiras<\/figcaption><\/figure>\n<p>&nbsp;<\/p>\n<figure id=\"attachment_348\" aria-describedby=\"caption-attachment-348\" style=\"width: 150px\" class=\"wp-caption alignleft\"><a href=\"http:\/\/bilbomag.fr\/fr\/madere-lile-aux-fleurs\/cirque-curral-das-freiras-26\/\" rel=\"attachment wp-att-348\"><img decoding=\"async\" loading=\"lazy\" class=\"size-thumbnail wp-image-348\" src=\"http:\/\/bilbomag.fr\/fr\/wp-content\/uploads\/2016\/04\/CIRQUE-CURRAL-DAS-FREIRAS-26-150x150.jpg\" alt=\"Cirque Curral das Freiras\" width=\"150\" height=\"150\"><\/a><figcaption id=\"caption-attachment-348\" class=\"wp-caption-text\">vue du belv\u00e9d\u00e8re<\/figcaption><\/figure>\n<figure id=\"attachment_349\" aria-describedby=\"caption-attachment-349\" style=\"width: 150px\" class=\"wp-caption alignleft\"><a href=\"http:\/\/bilbomag.fr\/fr\/madere-lile-aux-fleurs\/cirque-curral-das-freiras-33\/\" rel=\"attachment wp-att-349\"><img decoding=\"async\" loading=\"lazy\" class=\"size-thumbnail wp-image-349\" src=\"http:\/\/bilbomag.fr\/fr\/wp-content\/uploads\/2016\/04\/CIRQUE-CURRAL-DAS-FREIRAS-33-150x150.jpg\" alt=\"cirque Curral das Freiras\" width=\"150\" height=\"150\"><\/a><figcaption id=\"caption-attachment-349\" class=\"wp-caption-text\">Vue du belv\u00e9d\u00e8re<\/figcaption><\/figure>\n<figure id=\"attachment_350\" aria-describedby=\"caption-attachment-350\" style=\"width: 150px\" class=\"wp-caption alignright\"><a href=\"http:\/\/bilbomag.fr\/fr\/madere-lile-aux-fleurs\/cirque-curral-das-freiras-45\/\" rel=\"attachment wp-att-350\"><img decoding=\"async\" loading=\"lazy\" class=\"size-thumbnail wp-image-350\" src=\"http:\/\/bilbomag.fr\/fr\/wp-content\/uploads\/2016\/04\/CIRQUE-CURRAL-DAS-FREIRAS-45-150x150.jpg\" alt=\"cirque Curral das Freiras - village\" width=\"150\" height=\"150\"><\/a><figcaption id=\"caption-attachment-350\" class=\"wp-caption-text\">Curral das Freiras<\/figcaption><\/figure>\n<figure id=\"attachment_351\" aria-describedby=\"caption-attachment-351\" style=\"width: 150px\" class=\"wp-caption alignright\"><a href=\"http:\/\/bilbomag.fr\/fr\/madere-lile-aux-fleurs\/cirque-curral-das-freiras-24\/\" rel=\"attachment wp-att-351\"><img decoding=\"async\" loading=\"lazy\" class=\"size-thumbnail wp-image-351\" src=\"http:\/\/bilbomag.fr\/fr\/wp-content\/uploads\/2016\/04\/CIRQUE-CURRAL-DAS-FREIRAS-24-150x150.jpg\" alt=\"Flore \u00e0 Mad\u00e8re\" width=\"150\" height=\"150\"><\/a><figcaption id=\"caption-attachment-351\" class=\"wp-caption-text\">Flore&nbsp;dans le&nbsp;cirque<\/figcaption><\/figure>\n<p>&nbsp;<\/p>\n<p>&nbsp;<\/p>\n<p>&nbsp;<\/p>\n<p>&nbsp;<\/p>\n<p>&nbsp;<\/p>\n<p style=\"text-align: justify;\">Au belv\u00e9d\u00e8re Eira dos Serrado, vous trouverez <strong>un h\u00f4tel-restaurant panoramique<\/strong>, pour tous ceux qui souhaitent le calme et \u00eatre au plus pr\u00e8s des randonn\u00e9es (coordonn\u00e9es page 33).<\/p>\n<h1 style=\"text-align: center;\"><span style=\"color: #800000;\"><strong>\u223c<\/strong><\/span><\/h1>\n<p><!--nextpage--><\/p>\n<h2><span style=\"color: #800000;\"><b>PONTA DO SOL&#8230;<\/b><\/span><\/h2>\n<figure id=\"attachment_383\" aria-describedby=\"caption-attachment-383\" style=\"width: 640px\" class=\"wp-caption aligncenter\"><img decoding=\"async\" loading=\"lazy\" class=\"size-large wp-image-383\" src=\"http:\/\/www.bilbomag.fr\/fr\/wp-content\/uploads\/2016\/04\/PONTA-DO-SOL-5-1024x768.jpg\" alt=\"ponta do sol\" width=\"640\" height=\"480\" srcset=\"http:\/\/www.bilbomag.fr\/fr\/wp-content\/uploads\/2016\/04\/PONTA-DO-SOL-5-1024x768.jpg 1024w, http:\/\/www.bilbomag.fr\/fr\/wp-content\/uploads\/2016\/04\/PONTA-DO-SOL-5-300x225.jpg 300w, http:\/\/www.bilbomag.fr\/fr\/wp-content\/uploads\/2016\/04\/PONTA-DO-SOL-5-768x576.jpg 768w, http:\/\/www.bilbomag.fr\/fr\/wp-content\/uploads\/2016\/04\/PONTA-DO-SOL-5-360x270.jpg 360w\" sizes=\"(max-width: 640px) 100vw, 640px\" \/><figcaption id=\"caption-attachment-383\" class=\"wp-caption-text\">ponta do sol<\/figcaption><\/figure>\n<p>&nbsp;<\/p>\n<p style=\"text-align: justify;\"><b>Ponta do Sol <\/b>doit son nom \u00e0 <b>Joao <\/b><b>Gon\u00e7alvez<\/b><b> Zarco<\/b>, car la roche, polie par le d\u00e9ferlement de la mer, <em>semblait illumin\u00e9e par les rayons du soleil<\/em>.<\/p>\n<p style=\"text-align: justify;\">Cette ville s\u2019est d\u00e9velopp\u00e9e d\u00e8s le XV\u00e8me si\u00e8cle, gr\u00e2ce \u00e0 son port et la fertilit\u00e9 de son sol. Les habitants vivent de la culture de la banane, de la canne, de l\u2019horticulture, de la flore, ainsi que de l\u2019\u00e9levage et des produits laitiers.<\/p>\n<p style=\"text-align: justify;\">Situ\u00e9e sur la c\u00f4te sud, elle est consid\u00e9r\u00e9e comme <strong><i>la plus chaude de l\u2019\u00eele<\/i>.<\/strong><\/p>\n<figure id=\"attachment_385\" aria-describedby=\"caption-attachment-385\" style=\"width: 150px\" class=\"wp-caption alignleft\"><a href=\"http:\/\/www.bilbomag.fr\/fr\/madere-lile-aux-fleurs\/ponta-do-sol-2\/\" rel=\"attachment wp-att-385\"><img decoding=\"async\" loading=\"lazy\" class=\"size-thumbnail wp-image-385\" src=\"http:\/\/www.bilbomag.fr\/fr\/wp-content\/uploads\/2016\/04\/PONTA-DO-SOL-2-150x150.jpg\" alt=\"Eglise de ponta do sol\" width=\"150\" height=\"150\"><\/a><figcaption id=\"caption-attachment-385\" class=\"wp-caption-text\">son \u00e9glise<\/figcaption><\/figure>\n<figure id=\"attachment_386\" aria-describedby=\"caption-attachment-386\" style=\"width: 150px\" class=\"wp-caption alignleft\"><a href=\"http:\/\/www.bilbomag.fr\/fr\/wp-content\/uploads\/2016\/04\/PONTA-DO-SOL-1.jpg\" rel=\"attachment wp-att-386\"><img decoding=\"async\" loading=\"lazy\" class=\"size-thumbnail wp-image-386\" src=\"http:\/\/www.bilbomag.fr\/fr\/wp-content\/uploads\/2016\/04\/PONTA-DO-SOL-1-150x150.jpg\" alt=\"ponta do sol\" width=\"150\" height=\"150\"><\/a><figcaption id=\"caption-attachment-386\" class=\"wp-caption-text\">ponta do sol<\/figcaption><\/figure>\n<figure id=\"attachment_387\" aria-describedby=\"caption-attachment-387\" style=\"width: 150px\" class=\"wp-caption alignright\"><a href=\"http:\/\/www.bilbomag.fr\/fr\/madere-lile-aux-fleurs\/ponta-do-sol-4\/\" rel=\"attachment wp-att-387\"><img decoding=\"async\" loading=\"lazy\" class=\"size-thumbnail wp-image-387\" src=\"http:\/\/www.bilbomag.fr\/fr\/wp-content\/uploads\/2016\/04\/PONTA-DO-SOL-4-150x150.jpg\" alt=\"plage de ponta do sol\" width=\"150\" height=\"150\"><\/a><figcaption id=\"caption-attachment-387\" class=\"wp-caption-text\">sa plage<\/figcaption><\/figure>\n<p>&nbsp;<\/p>\n<h1 style=\"text-align: center;\"><\/h1>\n<h1 style=\"text-align: center;\">&nbsp;<span style=\"color: #800000;\"><strong>\u223c<\/strong><\/span><\/h1>\n<p><!--nextpage--><\/p>\n<h2><span style=\"color: #800000;\"><b>CALHETA&#8230;<\/b><\/span><\/h2>\n<p style=\"text-align: justify;\"><b>Calheta<\/b> est l\u2019une des <strong>plus anciennes villes<\/strong>. Elle a \u00e9t\u00e9 cr\u00e9\u00e9e le 1er juillet 1502, par lettre royale de <b>D. Manuel I<\/b>, l\u2019Heureux. Sur la c\u00f4te sud ouest de l\u2019\u00eele, elle est le centre d\u2019une des plus importantes <i>r\u00e9gions vinicole <\/i>de Mad\u00e8re. De plus, elle poss\u00e8de <strong>une plage de sable blond<\/strong>, ce qui est <strong>rare<\/strong> \u00e0 Mad\u00e8re, et un port de plaisance. Un h\u00f4tel borde cette plage (coordonn\u00e9es page 33).<\/p>\n<figure id=\"attachment_390\" aria-describedby=\"caption-attachment-390\" style=\"width: 640px\" class=\"wp-caption aligncenter\"><img decoding=\"async\" loading=\"lazy\" class=\"size-large wp-image-390\" src=\"http:\/\/www.bilbomag.fr\/fr\/wp-content\/uploads\/2016\/04\/Calheta-7-1024x768.jpg\" alt=\"plage de Calheta\" width=\"640\" height=\"480\" srcset=\"http:\/\/www.bilbomag.fr\/fr\/wp-content\/uploads\/2016\/04\/Calheta-7-1024x768.jpg 1024w, http:\/\/www.bilbomag.fr\/fr\/wp-content\/uploads\/2016\/04\/Calheta-7-300x225.jpg 300w, http:\/\/www.bilbomag.fr\/fr\/wp-content\/uploads\/2016\/04\/Calheta-7-768x576.jpg 768w, http:\/\/www.bilbomag.fr\/fr\/wp-content\/uploads\/2016\/04\/Calheta-7-360x270.jpg 360w\" sizes=\"(max-width: 640px) 100vw, 640px\" \/><figcaption id=\"caption-attachment-390\" class=\"wp-caption-text\">plage de Calheta<\/figcaption><\/figure>\n<h1 style=\"text-align: center;\"><i>&nbsp;<\/i><span style=\"color: #800000;\"><strong>\u223c<\/strong><\/span><\/h1>\n<p><!--nextpage--><\/p>\n<h2><span style=\"color: #800000;\"><b>JARDIM DO MAR&#8230;<\/b><\/span><\/h2>\n<p style=\"text-align: justify;\"><b>Jardim<\/b><b> do Mar <\/b>est <strong>\u00e0 visiter<\/strong>. Ce beau village est presque enti\u00e8rement pi\u00e9tonnier. Vous y trouverez un petit h\u00f4tel et des chambres d\u2019h\u00f4tes (coordonn\u00e9es page 33). Pratiquement toutes les maisons sont restaur\u00e9es, et&nbsp; les rues sont bord\u00e9es de belles fleurs tropicales qui agr\u00e9mentent le village.<\/p>\n<p style=\"text-align: justify;\">Vous pouvez vous y promener, gr\u00e2ce \u00e0 des all\u00e9es pav\u00e9es, et b\u00e9n\u00e9ficier d\u2019un point de vue sur le littoral, un acc\u00e8s en bord de mer est \u00e9galement possible. Dans ce village, m\u00eame les animaux sont paisibles, les passants les font \u00e0 peine bouger. La ruelle est \u00e0 eux en ce d\u00e9but du mois de juin.<\/p>\n<figure id=\"attachment_393\" aria-describedby=\"caption-attachment-393\" style=\"width: 640px\" class=\"wp-caption aligncenter\"><a href=\"http:\/\/www.bilbomag.fr\/fr\/madere-lile-aux-fleurs\/jardim-do-mar-6\/\" rel=\"attachment wp-att-393\"><img decoding=\"async\" loading=\"lazy\" class=\"size-large wp-image-393\" src=\"http:\/\/www.bilbomag.fr\/fr\/wp-content\/uploads\/2016\/04\/JARDIM-DO-MAR-6-1024x768.jpg\" alt=\"bord de mer, Jardim do mar\" width=\"640\" height=\"480\" srcset=\"http:\/\/www.bilbomag.fr\/fr\/wp-content\/uploads\/2016\/04\/JARDIM-DO-MAR-6-1024x768.jpg 1024w, http:\/\/www.bilbomag.fr\/fr\/wp-content\/uploads\/2016\/04\/JARDIM-DO-MAR-6-300x225.jpg 300w, http:\/\/www.bilbomag.fr\/fr\/wp-content\/uploads\/2016\/04\/JARDIM-DO-MAR-6-768x576.jpg 768w, http:\/\/www.bilbomag.fr\/fr\/wp-content\/uploads\/2016\/04\/JARDIM-DO-MAR-6-360x270.jpg 360w\" sizes=\"(max-width: 640px) 100vw, 640px\" \/><\/a><figcaption id=\"caption-attachment-393\" class=\"wp-caption-text\">bord de mer, Jardim do mar<\/figcaption><\/figure>\n<figure id=\"attachment_394\" aria-describedby=\"caption-attachment-394\" style=\"width: 300px\" class=\"wp-caption alignleft\"><a href=\"http:\/\/www.bilbomag.fr\/fr\/madere-lile-aux-fleurs\/jardim-do-mar-9\/\" rel=\"attachment wp-att-394\"><img decoding=\"async\" loading=\"lazy\" class=\"size-medium wp-image-394\" src=\"http:\/\/www.bilbomag.fr\/fr\/wp-content\/uploads\/2016\/04\/JARDIM-DO-MAR-9-300x225.jpg\" alt=\"Jardim do mar\" width=\"300\" height=\"225\" srcset=\"http:\/\/www.bilbomag.fr\/fr\/wp-content\/uploads\/2016\/04\/JARDIM-DO-MAR-9-300x225.jpg 300w, http:\/\/www.bilbomag.fr\/fr\/wp-content\/uploads\/2016\/04\/JARDIM-DO-MAR-9-768x576.jpg 768w, http:\/\/www.bilbomag.fr\/fr\/wp-content\/uploads\/2016\/04\/JARDIM-DO-MAR-9-1024x768.jpg 1024w, http:\/\/www.bilbomag.fr\/fr\/wp-content\/uploads\/2016\/04\/JARDIM-DO-MAR-9-360x270.jpg 360w\" sizes=\"(max-width: 300px) 100vw, 300px\" \/><\/a><figcaption id=\"caption-attachment-394\" class=\"wp-caption-text\">Jardim do mar<\/figcaption><\/figure>\n<figure id=\"attachment_395\" aria-describedby=\"caption-attachment-395\" style=\"width: 225px\" class=\"wp-caption alignright\"><a href=\"http:\/\/www.bilbomag.fr\/fr\/madere-lile-aux-fleurs\/jardim-do-mar-11\/\" rel=\"attachment wp-att-395\"><img decoding=\"async\" loading=\"lazy\" class=\"size-medium wp-image-395\" src=\"http:\/\/www.bilbomag.fr\/fr\/wp-content\/uploads\/2016\/04\/JARDIM-DO-MAR-11-225x300.jpg\" alt=\"Jardim do mar, fleurs\" width=\"225\" height=\"300\" srcset=\"http:\/\/www.bilbomag.fr\/fr\/wp-content\/uploads\/2016\/04\/JARDIM-DO-MAR-11-225x300.jpg 225w, http:\/\/www.bilbomag.fr\/fr\/wp-content\/uploads\/2016\/04\/JARDIM-DO-MAR-11-768x1024.jpg 768w, http:\/\/www.bilbomag.fr\/fr\/wp-content\/uploads\/2016\/04\/JARDIM-DO-MAR-11-203x270.jpg 203w\" sizes=\"(max-width: 225px) 100vw, 225px\" \/><\/a><figcaption id=\"caption-attachment-395\" class=\"wp-caption-text\">parterre de fleurs<\/figcaption><\/figure>\n<p>&nbsp;<\/p>\n<p>&nbsp;<\/p>\n<p>&nbsp;<\/p>\n<h1><\/h1>\n<h1><\/h1>\n<h1 style=\"text-align: center;\"><span style=\"color: #800000;\"><strong>\u223c<\/strong><\/span><\/h1>\n<p><!--nextpage--><\/p>\n<h2><span style=\"color: #800000;\"><b>ACHADAS DA CRUZ&#8230;<\/b><\/span><\/h2>\n<p>Au belv\u00e9d\u00e8re de Achadas da Cruz, un t\u00e9l\u00e9ph\u00e9rique permet la descente <em><strong>d\u2019un d\u00e9nivel\u00e9 de 451 m\u00e8tres d\u2019altitude, en 5mn <\/strong><\/em>(coordonn\u00e9es page 33). Cela para\u00eet tr\u00e8s vertigineux.<\/p>\n<p>&nbsp;<\/p>\n<figure id=\"attachment_411\" aria-describedby=\"caption-attachment-411\" style=\"width: 640px\" class=\"wp-caption aligncenter\"><img decoding=\"async\" loading=\"lazy\" class=\"size-large wp-image-411\" src=\"http:\/\/www.bilbomag.fr\/fr\/wp-content\/uploads\/2016\/04\/ACHADAS-DAS-CRUZ-9-768x1024.jpg\" alt=\"belv\u00e9d\u00e8re Achadas da Cruz\" width=\"640\" height=\"853\" srcset=\"http:\/\/www.bilbomag.fr\/fr\/wp-content\/uploads\/2016\/04\/ACHADAS-DAS-CRUZ-9-768x1024.jpg 768w, http:\/\/www.bilbomag.fr\/fr\/wp-content\/uploads\/2016\/04\/ACHADAS-DAS-CRUZ-9-225x300.jpg 225w, http:\/\/www.bilbomag.fr\/fr\/wp-content\/uploads\/2016\/04\/ACHADAS-DAS-CRUZ-9-203x270.jpg 203w\" sizes=\"(max-width: 640px) 100vw, 640px\" \/><figcaption id=\"caption-attachment-411\" class=\"wp-caption-text\">t\u00e9l\u00e9ph\u00e9rique d&rsquo;Achadas da Cruz<\/figcaption><\/figure>\n<h1 class=\"address\" style=\"text-align: center;\">&nbsp;<strong><span style=\"color: #800000;\">\u223c<\/span><\/strong><\/h1>\n<p><!--nextpage--><\/p>\n<h2><strong><span style=\"color: #800000;\">PORTO MONIZ&#8230;<\/span><\/strong><\/h2>\n<p style=\"text-align: justify;\"><b>Porto Moniz <\/b>se situe sur la c\u00f4te nord ouest de l\u2019\u00eele. Cette ville doit son nom \u00e0 <b>Francisco Moniz<\/b>, premier colonisateur de cette r\u00e9gion, noble, mari\u00e9 avec la petite-fille de <b>Joao Gon\u00e7alves Zarco<\/b>, qui y a v\u00e9cu \u00e0 la fin du XVI\u00e8me si\u00e8cle.<\/p>\n<p style=\"text-align: justify;\">Lors de la d\u00e9couverte de Mad\u00e8re, ce lieu se nommait <b>Ponta do Tristao<\/b>. De nos jours, cette ville repr\u00e9sente <strong><em>un fort potentiel touristique<\/em><\/strong>. Il est tr\u00e8s agr\u00e9able de se baigner dans<em> les piscines naturelles<\/em>, form\u00e9es \u00e0 partir des roches volcaniques, ou pour&nbsp;aller d\u00e9jeuner au <i>Cachalo<\/i>, restaurant en front de mer, dont la terrasse est situ\u00e9e au milieu des rochers.<\/p>\n<figure id=\"attachment_415\" aria-describedby=\"caption-attachment-415\" style=\"width: 640px\" class=\"wp-caption aligncenter\"><a href=\"http:\/\/www.bilbomag.fr\/fr\/madere-lile-aux-fleurs\/porto-moniz-11\/\"><img decoding=\"async\" loading=\"lazy\" class=\"wp-image-415 size-large\" src=\"http:\/\/www.bilbomag.fr\/fr\/wp-content\/uploads\/2016\/04\/PORTO-MONIZ-11-1024x768.jpg\" alt=\"piscine naturelle, Porto Moniz\" width=\"640\" height=\"480\" srcset=\"http:\/\/www.bilbomag.fr\/fr\/wp-content\/uploads\/2016\/04\/PORTO-MONIZ-11-1024x768.jpg 1024w, http:\/\/www.bilbomag.fr\/fr\/wp-content\/uploads\/2016\/04\/PORTO-MONIZ-11-300x225.jpg 300w, http:\/\/www.bilbomag.fr\/fr\/wp-content\/uploads\/2016\/04\/PORTO-MONIZ-11-768x576.jpg 768w, http:\/\/www.bilbomag.fr\/fr\/wp-content\/uploads\/2016\/04\/PORTO-MONIZ-11-360x270.jpg 360w\" sizes=\"(max-width: 640px) 100vw, 640px\" \/><\/a><figcaption id=\"caption-attachment-415\" class=\"wp-caption-text\">piscine naturelle dans la lave, Porto Moniz<\/figcaption><\/figure>\n<figure id=\"attachment_417\" aria-describedby=\"caption-attachment-417\" style=\"width: 300px\" class=\"wp-caption alignright\"><a href=\"http:\/\/www.bilbomag.fr\/fr\/madere-lile-aux-fleurs\/porto-moniz-8\/\" rel=\"attachment wp-att-417\"><img decoding=\"async\" loading=\"lazy\" class=\"wp-image-417 size-medium\" src=\"http:\/\/www.bilbomag.fr\/fr\/wp-content\/uploads\/2016\/04\/PORTO-MONIZ-8-300x225.jpg\" alt=\"fort \u00e0 Porto Moniz\" width=\"300\" height=\"225\" srcset=\"http:\/\/www.bilbomag.fr\/fr\/wp-content\/uploads\/2016\/04\/PORTO-MONIZ-8-300x225.jpg 300w, http:\/\/www.bilbomag.fr\/fr\/wp-content\/uploads\/2016\/04\/PORTO-MONIZ-8-768x576.jpg 768w, http:\/\/www.bilbomag.fr\/fr\/wp-content\/uploads\/2016\/04\/PORTO-MONIZ-8-1024x768.jpg 1024w, http:\/\/www.bilbomag.fr\/fr\/wp-content\/uploads\/2016\/04\/PORTO-MONIZ-8-360x270.jpg 360w\" sizes=\"(max-width: 300px) 100vw, 300px\" \/><\/a><figcaption id=\"caption-attachment-417\" class=\"wp-caption-text\">fort \u00e0 Porto Moniz<\/figcaption><\/figure>\n<p style=\"text-align: justify;\"><em>L\u2019aquarium de la ville<\/em> se situe dans une r\u00e9plique fid\u00e8le du fort de <b>Sao Joao <\/b><b>Baptista<\/b>, qui \u00e9tait \u00e9rig\u00e9 \u00e0 cet endroit. Le plus grand r\u00e9servoir contient<br \/>\n<em>500 000 litres d\u2019eau sal\u00e9e<\/em>, dans lequel vivent 60 esp\u00e8ces, dont des requins, dorades, poissons-cochon\u2026&nbsp;Cet aquarium &nbsp;est petit, certes, mais vous pouvez y voir les esp\u00e8ces vivants autour de l&rsquo;\u00eele.<\/p>\n<p>&nbsp;<\/p>\n<figure id=\"attachment_418\" aria-describedby=\"caption-attachment-418\" style=\"width: 300px\" class=\"wp-caption alignleft\"><a href=\"http:\/\/www.bilbomag.fr\/fr\/madere-lile-aux-fleurs\/porto-moniz-13\/\" rel=\"attachment wp-att-418\"><img decoding=\"async\" loading=\"lazy\" class=\"wp-image-418 size-medium\" src=\"http:\/\/www.bilbomag.fr\/fr\/wp-content\/uploads\/2016\/04\/PORTO-MONIZ-13-300x225.jpg\" alt=\"centre nautique \u00e0 Porto Moniz\" width=\"300\" height=\"225\" srcset=\"http:\/\/www.bilbomag.fr\/fr\/wp-content\/uploads\/2016\/04\/PORTO-MONIZ-13-300x225.jpg 300w, http:\/\/www.bilbomag.fr\/fr\/wp-content\/uploads\/2016\/04\/PORTO-MONIZ-13-768x576.jpg 768w, http:\/\/www.bilbomag.fr\/fr\/wp-content\/uploads\/2016\/04\/PORTO-MONIZ-13-1024x768.jpg 1024w, http:\/\/www.bilbomag.fr\/fr\/wp-content\/uploads\/2016\/04\/PORTO-MONIZ-13-360x270.jpg 360w\" sizes=\"(max-width: 300px) 100vw, 300px\" \/><\/a><figcaption id=\"caption-attachment-418\" class=\"wp-caption-text\">centre nautique<\/figcaption><\/figure>\n<p>Le centre nautique, quant \u00e0 lui, &nbsp;est tr\u00e8s agr\u00e9able, bien que la temp\u00e9rature de l&rsquo;eau ne soit pas tr\u00e8s \u00e9lev\u00e9e en ce&nbsp;d\u00e9but juin (environ 18\u00b0). Les bassins sont remplis d&rsquo;eau de mer. Sur la c\u00f4te nord, sous le vent, la mer est agit\u00e9e. Cependant, la barri\u00e8re compos\u00e9e par la lave permet d&rsquo;avoir de l&rsquo;eau calme dans les bassins de la piscine. L&rsquo;entr\u00e9e est payante.<\/p>\n<p>&nbsp;<\/p>\n<p style=\"text-align: justify;\"><strong><em>N&rsquo;h\u00e9sitez pas \u00e0 aller vous y d\u00e9tendre <\/em><\/strong>(coordonn\u00e9es page 33)<\/p>\n<p style=\"text-align: justify;\"><i>&nbsp;<\/i><\/p>\n<h1 style=\"text-align: center;\"><span style=\"color: #800000;\"><strong>\u223c<\/strong><\/span><\/h1>\n<p><!--nextpage--><\/p>\n<h2><span style=\"color: #800000;\"><b>COTE DE PORTO MONIZ A SAO VICENTE&#8230;<\/b><\/span><\/h2>\n<p style=\"text-align: justify;\">Le long de la c\u00f4te nord (sous le vent), la mer est plus agit\u00e9e, et pr\u00e9sente ces beaux bords de mer. Les parties dangereuses de la route ont \u00e9t\u00e9 remplac\u00e9es par des tunnels, ce qui ne vous emp\u00eache pas d\u2019admirer les beaux paysages de cette \u00eele aux paysages extraordinaires. Les falaises se jettent directement dans la mer. L&rsquo;eau jaillit de la falaise et forme de belles cascades. Le paysage est g<strong>randiose.<\/strong><\/p>\n<figure id=\"attachment_422\" aria-describedby=\"caption-attachment-422\" style=\"width: 640px\" class=\"wp-caption aligncenter\"><img decoding=\"async\" loading=\"lazy\" class=\"size-large wp-image-422\" src=\"http:\/\/www.bilbomag.fr\/fr\/wp-content\/uploads\/2016\/04\/ROUTE-DE-SAO-VICENTE-A-PORTO-MONIZ-17-768x1024.jpg\" alt=\"c\u00f4te de Sao Vicente \u00e0 Porto Moniz\" width=\"640\" height=\"853\" srcset=\"http:\/\/www.bilbomag.fr\/fr\/wp-content\/uploads\/2016\/04\/ROUTE-DE-SAO-VICENTE-A-PORTO-MONIZ-17-768x1024.jpg 768w, http:\/\/www.bilbomag.fr\/fr\/wp-content\/uploads\/2016\/04\/ROUTE-DE-SAO-VICENTE-A-PORTO-MONIZ-17-225x300.jpg 225w, http:\/\/www.bilbomag.fr\/fr\/wp-content\/uploads\/2016\/04\/ROUTE-DE-SAO-VICENTE-A-PORTO-MONIZ-17-203x270.jpg 203w\" sizes=\"(max-width: 640px) 100vw, 640px\" \/><figcaption id=\"caption-attachment-422\" class=\"wp-caption-text\">c\u00f4te de Sao Vicente \u00e0 Porto Moniz<\/figcaption><\/figure>\n<h1 style=\"text-align: center;\"><span style=\"color: #800000;\"><strong>\u223c<\/strong><\/span><\/h1>\n<p><!--nextpage--><\/p>\n<h2><span style=\"color: #800000;\"><b>SAO VICENTE &#8211; LE CENTRE DE VULCANOLOGIE&#8230;<\/b><\/span><\/h2>\n<figure id=\"attachment_430\" aria-describedby=\"caption-attachment-430\" style=\"width: 640px\" class=\"wp-caption aligncenter\"><a href=\"http:\/\/www.bilbomag.fr\/fr\/madere-lile-aux-fleurs\/sao-vicente-25\/\"><img decoding=\"async\" loading=\"lazy\" class=\"wp-image-430 size-large\" src=\"http:\/\/www.bilbomag.fr\/fr\/wp-content\/uploads\/2016\/04\/SAO-VICENTE-25-1024x768.jpg\" alt=\"Entr\u00e9e du centre de vulcanologie \u00e0 Sao Vicente\" width=\"640\" height=\"480\" srcset=\"http:\/\/www.bilbomag.fr\/fr\/wp-content\/uploads\/2016\/04\/SAO-VICENTE-25-1024x768.jpg 1024w, http:\/\/www.bilbomag.fr\/fr\/wp-content\/uploads\/2016\/04\/SAO-VICENTE-25-300x225.jpg 300w, http:\/\/www.bilbomag.fr\/fr\/wp-content\/uploads\/2016\/04\/SAO-VICENTE-25-768x576.jpg 768w, http:\/\/www.bilbomag.fr\/fr\/wp-content\/uploads\/2016\/04\/SAO-VICENTE-25-360x270.jpg 360w\" sizes=\"(max-width: 640px) 100vw, 640px\" \/><\/a><figcaption id=\"caption-attachment-430\" class=\"wp-caption-text\">Entr\u00e9e du centre de vulcanologie \u00e0 Sao Vicente<\/figcaption><\/figure>\n<p><b>La visite de la grotte <\/b>pr\u00e9sente un parcours souterrain de <strong>700 m\u00e8tres de long<\/strong>. Ces grottes volcaniques ont <em>environ 400 mille ans<\/em>, et sont constitu\u00e9es par une s\u00e9rie de tuyaux de lave en fusion qui atteignait 1200\u00b0C. En refroidissant des vides se sont cr\u00e9\u00e9s, dont les plus longs mesurent <em>jusqu\u2019\u00e0 1000 m\u00e8tres<\/em>. <strong>Une visite s\u2019impose <\/strong>(coordonn\u00e9es page 33). Une exposition sur la vulcanologie, et deux films compl\u00e8tent la visite (dont un film en 3 D). A l&rsquo;ext\u00e9rieur, la nature y est tr\u00e8s belle. De magnifiques hortensias agr\u00e9mentent le site.<\/p>\n<div class=\"address\">\n<h1 style=\"text-align: center;\"><span style=\"color: #800000;\"><strong>&nbsp;\u223c<\/strong><\/span><\/h1>\n<\/div>\n<p><!--nextpage--><\/p>\n<h2><span style=\"color: #800000;\"><strong>SAO VICENTE &#8211; LE VILLAGE&#8230;<\/strong><\/span><\/h2>\n<p>Le village de <b>Sao Vicente <\/b>a commenc\u00e9 \u00e0 se d\u00e9velopper \u00e0 partir du XVIII\u00e8me si\u00e8cle, gr\u00e2ce \u00e0 culture de la vigne, de la canne, du bois et de la production de la chaux.<\/p>\n<p>La route, constitu\u00e9e de nombreux tunnels creus\u00e9s dans la montagne, permet un acc\u00e8s rapide \u00e0 cette localit\u00e9.<\/p>\n<figure id=\"attachment_435\" aria-describedby=\"caption-attachment-435\" style=\"width: 843px\" class=\"wp-caption aligncenter\"><img decoding=\"async\" loading=\"lazy\" class=\"wp-image-435 size-large\" src=\"http:\/\/www.bilbomag.fr\/fr\/wp-content\/uploads\/2016\/04\/SAO-VICENTE-28-1024x768.jpg\" alt=\"Village de Sao Vicente\" width=\"843\" height=\"632\" srcset=\"http:\/\/www.bilbomag.fr\/fr\/wp-content\/uploads\/2016\/04\/SAO-VICENTE-28-1024x768.jpg 1024w, http:\/\/www.bilbomag.fr\/fr\/wp-content\/uploads\/2016\/04\/SAO-VICENTE-28-300x225.jpg 300w, http:\/\/www.bilbomag.fr\/fr\/wp-content\/uploads\/2016\/04\/SAO-VICENTE-28-768x576.jpg 768w, http:\/\/www.bilbomag.fr\/fr\/wp-content\/uploads\/2016\/04\/SAO-VICENTE-28-360x270.jpg 360w\" sizes=\"(max-width: 843px) 100vw, 843px\" \/><figcaption id=\"caption-attachment-435\" class=\"wp-caption-text\">Village de Sao Vicente<\/figcaption><\/figure>\n<p>&nbsp;<\/p>\n<figure id=\"attachment_466\" aria-describedby=\"caption-attachment-466\" style=\"width: 300px\" class=\"wp-caption alignright\"><a href=\"http:\/\/www.bilbomag.fr\/fr\/madere-lile-aux-fleurs\/sao-vicente-35\/\" rel=\"attachment wp-att-466\"><img decoding=\"async\" loading=\"lazy\" class=\"wp-image-466 size-medium\" src=\"http:\/\/www.bilbomag.fr\/fr\/wp-content\/uploads\/2016\/04\/SAO-VICENTE-35-300x225.jpg\" alt=\"Village de Sao Vicente\" width=\"300\" height=\"225\" srcset=\"http:\/\/www.bilbomag.fr\/fr\/wp-content\/uploads\/2016\/04\/SAO-VICENTE-35-300x225.jpg 300w, http:\/\/www.bilbomag.fr\/fr\/wp-content\/uploads\/2016\/04\/SAO-VICENTE-35-768x576.jpg 768w, http:\/\/www.bilbomag.fr\/fr\/wp-content\/uploads\/2016\/04\/SAO-VICENTE-35-1024x768.jpg 1024w\" sizes=\"(max-width: 300px) 100vw, 300px\" \/><\/a><figcaption id=\"caption-attachment-466\" class=\"wp-caption-text\">Village de Sao Vicente<\/figcaption><\/figure>\n<p style=\"text-align: justify;\">Vous pourrez aller d\u00e9jeuner dans un restaurant qui se situe dans le village, comme par exemple, le Restaurante Pub, Ferro Velho.<\/p>\n<p style=\"text-align: justify;\">A partir de <b>Sao Vincente<\/b>, vous pouvez monter \u00e0 <b>E<\/b><b>ncumeada<\/b>, qui se situe \u00e0 1007 m, <strong>lieu recherch\u00e9 pour les randonn\u00e9es p\u00e9destres<\/strong>. De nombreuses cascades embellissent la nature luxuriante.<\/p>\n<p><span style=\"color: #008080;\">&nbsp;<\/span><\/p>\n<h1 style=\"text-align: center;\"><strong><span style=\"color: #800000;\">\u223c<\/span><\/strong><\/h1>\n<p><!--nextpage--><\/p>\n<h2><span style=\"color: #800000;\"><b>LA ROUTE DES CRETES&#8230;<\/b><\/span><\/h2>\n<p style=\"text-align: justify;\">A Mad\u00e8re, <strong>les troupeaux sont en libre circulation<\/strong>. Vous en croiserez sur la route des cr\u00eates.<\/p>\n<p style=\"text-align: justify;\"><strong>La route des cr\u00eates, de Porto Moniz \u00e0 Ribeira Brava&nbsp;<\/strong>permet d\u2019admirer des paysages magnifiques. A l\u2019horizon, <strong>une vue panoramique<\/strong> sur la montagne et la mer. En ce d\u00e9but juin, les gen\u00eats sont en fleurs.<\/p>\n<figure id=\"attachment_522\" aria-describedby=\"caption-attachment-522\" style=\"width: 300px\" class=\"wp-caption alignleft\"><img decoding=\"async\" loading=\"lazy\" class=\"size-medium wp-image-522\" src=\"http:\/\/www.bilbomag.fr\/fr\/wp-content\/uploads\/2016\/04\/ROUTE-DES-CRETES-DE-PORTO-MONIZ-A-SERRA-DE-AGUA-PUIS-RETOUR-RIBEIRA-BRAVA-10-300x225.jpg\" alt=\"route des cr\u00eates\" width=\"300\" height=\"225\" srcset=\"http:\/\/www.bilbomag.fr\/fr\/wp-content\/uploads\/2016\/04\/ROUTE-DES-CRETES-DE-PORTO-MONIZ-A-SERRA-DE-AGUA-PUIS-RETOUR-RIBEIRA-BRAVA-10-300x225.jpg 300w, http:\/\/www.bilbomag.fr\/fr\/wp-content\/uploads\/2016\/04\/ROUTE-DES-CRETES-DE-PORTO-MONIZ-A-SERRA-DE-AGUA-PUIS-RETOUR-RIBEIRA-BRAVA-10-768x576.jpg 768w, http:\/\/www.bilbomag.fr\/fr\/wp-content\/uploads\/2016\/04\/ROUTE-DES-CRETES-DE-PORTO-MONIZ-A-SERRA-DE-AGUA-PUIS-RETOUR-RIBEIRA-BRAVA-10-1024x768.jpg 1024w, http:\/\/www.bilbomag.fr\/fr\/wp-content\/uploads\/2016\/04\/ROUTE-DES-CRETES-DE-PORTO-MONIZ-A-SERRA-DE-AGUA-PUIS-RETOUR-RIBEIRA-BRAVA-10-360x270.jpg 360w\" sizes=\"(max-width: 300px) 100vw, 300px\" \/><figcaption id=\"caption-attachment-522\" class=\"wp-caption-text\">vache et son petit<\/figcaption><\/figure>\n<figure id=\"attachment_523\" aria-describedby=\"caption-attachment-523\" style=\"width: 300px\" class=\"wp-caption alignright\"><a href=\"http:\/\/www.bilbomag.fr\/fr\/madere-lile-aux-fleurs\/route-des-cretes-10\/\" rel=\"attachment wp-att-523\"><img decoding=\"async\" loading=\"lazy\" class=\"size-medium wp-image-523\" src=\"http:\/\/www.bilbomag.fr\/fr\/wp-content\/uploads\/2016\/04\/ROUTE-DES-CRETES-10-300x225.jpg\" alt=\"route des cr\u00eates\" width=\"300\" height=\"225\" srcset=\"http:\/\/www.bilbomag.fr\/fr\/wp-content\/uploads\/2016\/04\/ROUTE-DES-CRETES-10-300x225.jpg 300w, http:\/\/www.bilbomag.fr\/fr\/wp-content\/uploads\/2016\/04\/ROUTE-DES-CRETES-10-768x576.jpg 768w, http:\/\/www.bilbomag.fr\/fr\/wp-content\/uploads\/2016\/04\/ROUTE-DES-CRETES-10-1024x768.jpg 1024w, http:\/\/www.bilbomag.fr\/fr\/wp-content\/uploads\/2016\/04\/ROUTE-DES-CRETES-10-360x270.jpg 360w\" sizes=\"(max-width: 300px) 100vw, 300px\" \/><\/a><figcaption id=\"caption-attachment-523\" class=\"wp-caption-text\">route des cr\u00eates et sa belle v\u00e9g\u00e9tation&nbsp;fleurie<\/figcaption><\/figure>\n<p>&nbsp;<\/p>\n<p>&nbsp;<\/p>\n<p>&nbsp;<\/p>\n<p>&nbsp;<\/p>\n<p>&nbsp;<\/p>\n<p>&nbsp;<\/p>\n<h1 style=\"text-align: center;\"><strong><span style=\"color: #800000;\">\u223c<\/span><\/strong><\/h1>\n<p><!--nextpage--><\/p>\n<h2><span style=\"color: #800000;\"><strong>CONCLUSION&#8230;<\/strong><\/span><\/h2>\n<p><a href=\"http:\/\/www.bilbomag.fr\/fr\/wp-content\/uploads\/2016\/04\/IMGP4040.jpg\" rel=\"attachment wp-att-451\"><img decoding=\"async\" loading=\"lazy\" class=\"wp-image-451 size-medium alignleft\" src=\"http:\/\/www.bilbomag.fr\/fr\/wp-content\/uploads\/2016\/04\/IMGP4040-300x201.jpg\" alt=\"IMGP4040\" width=\"300\" height=\"201\" srcset=\"http:\/\/www.bilbomag.fr\/fr\/wp-content\/uploads\/2016\/04\/IMGP4040-300x201.jpg 300w, http:\/\/www.bilbomag.fr\/fr\/wp-content\/uploads\/2016\/04\/IMGP4040-768x514.jpg 768w, http:\/\/www.bilbomag.fr\/fr\/wp-content\/uploads\/2016\/04\/IMGP4040-1024x685.jpg 1024w, http:\/\/www.bilbomag.fr\/fr\/wp-content\/uploads\/2016\/04\/IMGP4040-750x502.jpg 750w\" sizes=\"(max-width: 300px) 100vw, 300px\" \/><\/a><\/p>\n<p style=\"text-align: justify;\">Vous pouvez pr\u00e9f\u00e9rer visiter <strong>cette magnifique \u00eele volcanique<\/strong> en faisant des <em>randonn\u00e9es p\u00e9destres<\/em> le long des \u00ab&nbsp;<b>levadas<\/b>&nbsp;\u00bb (seuls ou accompagn\u00e9s d\u2019un guide), <i>de l\u2019aile delta, du canyoning, ou de l\u2019\u00e9quitation<\/i>.<\/p>\n<p style=\"text-align: justify;\">Vous pouvez \u00e9galement aller dans des <i>f\u00eates traditionnelles<\/i>, faire <i>une croisi\u00e8re en catamaran<\/i> (3 h) pour voir les dauphins, les baleines et tortues (\u00e0 partir de Funchal), ou rester <i>vous pr\u00e9lasser au bord de la plage ou de la piscine de votre h\u00f4tel<\/i>.<\/p>\n<p style=\"text-align: justify;\">Vous pouvez \u00e9galement aller <i>d\u00e9guster des plats traditionnels <\/i>dans les restaurants, ou aller <i>visiter les boutiques d\u2019artisanat local <\/i>(broderies, osier, articles en laine, c\u00e9ramique\u2026).<\/p>\n<p>Tout est une question de temps et d\u2019envie. Vous pouvez, \u00e9galement, consulter notre carnet de voyage en pdf&nbsp;en cliquant sur le lien suivant : &nbsp;<a href=\"http:\/\/www.bilbomag.fr\/CARNETDEVOYAGEMADERE.pdf\">www.bilbomag.fr\/CARNETDEVOYAGEMADERE.pdf<\/a>.<\/p>\n<p style=\"text-align: justify;\"><strong>Mais, surtout, <em>n\u2019h\u00e9sitez pas \u00e0 vous rendre \u00e0 Mad\u00e8re<\/em>, en toute saison, vous ne le regretterez pas.<\/strong><\/p>\n<h1 style=\"text-align: center;\"><span style=\"color: #800000;\"><strong>\u223c<\/strong><\/span><\/h1>\n<p style=\"text-align: center;\"><!--nextpage--><\/p>\n<h2 style=\"text-align: left;\"><span style=\"color: #800000;\"><strong>GUIDE PRATIQUE<\/strong>&#8230;<\/span><\/h2>\n<p>Pour vous y rendre : <a href=\"http:\/\/www.lastminute.com\">www.lastminute.com<\/a><\/p>\n<hr>\n<p><strong>Monnaie<\/strong> : l&rsquo;Euro.<br \/>\n<strong>Climat tropical<\/strong>, id\u00e9al toute l&rsquo;ann\u00e9e (moins pluvieux en mai, juin et septembre).<br \/>\n<strong>D\u00e9calage horaire<\/strong> : -1h (par rapport \u00e0 Paris) toute l&rsquo;ann\u00e9e.<br \/>\n<strong>T\u00e9l\u00e9phone<\/strong> : pour appeler \u00e0 Mad\u00e8re, avant le num\u00e9ro,&nbsp;faire <strong>+351<\/strong> (depuis un fixe)&nbsp;et&nbsp;<strong>+00.351<\/strong> (depuis un t\u00e9l\u00e9phone portable).<\/p>\n<hr>\n<figure id=\"attachment_536\" aria-describedby=\"caption-attachment-536\" style=\"width: 150px\" class=\"wp-caption alignright\"><a href=\"http:\/\/www.bilbomag.fr\/fr\/madere-lile-aux-fleurs\/hotel-pestana-bay-2-1-2\/\" rel=\"attachment wp-att-536\"><img decoding=\"async\" loading=\"lazy\" class=\"size-thumbnail wp-image-536\" src=\"http:\/\/www.bilbomag.fr\/fr\/wp-content\/uploads\/2016\/04\/HOTEL-PESTANA-BAY-2-1-150x150.jpg\" alt=\"HOTEL PESTANA BAY 2 (1)\" width=\"150\" height=\"150\"><\/a><figcaption id=\"caption-attachment-536\" class=\"wp-caption-text\">Entr\u00e9e de l&rsquo;h\u00f4tel<\/figcaption><\/figure>\n<p><strong>\u2022 HEBERGEMENTS<\/strong><br \/>\n<span style=\"color: #003366;\"><strong>Pestana Bay &#8211; Appart H\u00f4tel &#8211; 4*<\/strong><\/span><br \/>\nPraia Formosa &#8211; 9000-246 Funchal<br \/>\nTel. 291 701 700<br \/>\n<a href=\"http:\/\/www.pestana.com\/fr\/hotel\/pestana-ocean-bay\">www.pestana.com\/fr\/hotel\/pestana-ocean-bay<\/a><\/p>\n<hr>\n<p><span style=\"color: #003366;\"><strong>H\u00f4tel 4* Eira do Serrado <\/strong>\u2013 restaurant panoramique<i><br \/>\n<\/i><\/span>T\u00e9l. 291 710 060 \u2013 Fax 291 710 061<br \/>\n<a href=\"http:\/\/www.eiradoserrado.com\/\">www.eiradoserrado.com<\/a><br \/>\neiradoserrado@mail.telepac.pt<\/p>\n<hr>\n<figure id=\"attachment_391\" aria-describedby=\"caption-attachment-391\" style=\"width: 150px\" class=\"wp-caption alignright\"><a href=\"http:\/\/www.bilbomag.fr\/fr\/madere-lile-aux-fleurs\/calheta-9\/\" rel=\"attachment wp-att-391\"><img decoding=\"async\" loading=\"lazy\" class=\"size-thumbnail wp-image-391\" src=\"http:\/\/www.bilbomag.fr\/fr\/wp-content\/uploads\/2016\/04\/CALHETA-9-150x150.jpg\" alt=\"h\u00f4tel de Calheta\" width=\"150\" height=\"150\"><\/a><figcaption id=\"caption-attachment-391\" class=\"wp-caption-text\">h\u00f4tel de Calheta<\/figcaption><\/figure>\n<p><span style=\"color: #003366;\"><strong>H\u00f4tel 4* Calheta Beach<\/strong><\/span><br \/>\noffice@calheta-beach.com<br \/>\n<a href=\"http:\/\/www.calheta-beach.com\/\">www.calheta-beach.com<\/a><i><br \/>\n&#8211; un suppl\u00e9ment est demand\u00e9 pour les chambres avec vue sur mer<\/i><\/p>\n<hr>\n<figure id=\"attachment_541\" aria-describedby=\"caption-attachment-541\" style=\"width: 150px\" class=\"wp-caption alignright\"><a href=\"http:\/\/www.bilbomag.fr\/fr\/madere-lile-aux-fleurs\/funchal-2-8-2\/\" rel=\"attachment wp-att-541\"><img decoding=\"async\" loading=\"lazy\" class=\"size-thumbnail wp-image-541\" src=\"http:\/\/www.bilbomag.fr\/fr\/wp-content\/uploads\/2016\/04\/FUNCHAL-2-8-150x150.jpg\" alt=\"Cave de vin de mad\u00e8re \u00e0 Funchal\" width=\"150\" height=\"150\"><\/a><figcaption id=\"caption-attachment-541\" class=\"wp-caption-text\">Cave de vin de mad\u00e8re \u00e0 Funchal<\/figcaption><\/figure>\n<p><strong>\u2022 CAVE DE&nbsp;VIN DE MADERE<\/strong><br \/>\n<strong>Les maisons du vin de Sao Francisco, S.A.<\/strong><br \/>\nRua dos Ferreiros &#8211;&nbsp;191-9000 Funchal<br \/>\nT\u00e9l. (091) 20121 \u2013 Fax (091) 22925<br \/>\n<em>&#8211; 1 bouteille de 5 ans d\u2019\u00e2ge sec &#8211; prix 11 \u20ac (2013)<\/em><\/p>\n<hr>\n<figure id=\"attachment_206\" aria-describedby=\"caption-attachment-206\" style=\"width: 150px\" class=\"wp-caption alignright\"><img decoding=\"async\" loading=\"lazy\" class=\"wp-image-206 size-thumbnail\" src=\"http:\/\/www.bilbomag.fr\/fr\/wp-content\/uploads\/2016\/03\/FUNCHAL-2-18-150x150.jpg\" alt=\"Forte de Santiago \u00e0 Funcha\" width=\"150\" height=\"150\"><figcaption id=\"caption-attachment-206\" class=\"wp-caption-text\">Forte de Santiago<\/figcaption><\/figure>\n<p><strong>\u2022 RESTAURATION<br \/>\n<\/strong><span style=\"color: #003300;\"><strong>Restaurant Do Forte<\/strong><\/span><br \/>\nAv. Santiago Menor, 4&nbsp;&#8211;&nbsp;Forte de Santiago<br \/>\n9060-250 Funchal<br \/>\nT\u00e9l. 291 235 470<\/p>\n<hr>\n<p><span style=\"color: #003300;\"><strong>Pastelaria \u2013 snack Bar Cafe <\/strong><\/span><br \/>\ndo Mercado \u2013 Machico &#8211;<br \/>\nT\u00e9l. 291 965 926<\/p>\n<hr>\n<p><span style=\"color: #003300;\"><strong>Restaurant Ribeiro Frio<\/strong><\/span><br \/>\nTel. 919 179 885\/919 182 218<br \/>\nribeiro_frio@sapo.pt<br \/>\nFacebook : Restaurante Ribeiro Frio (restauration r\u00e9gionale et nationale \u2013 cadre rustique<\/p>\n<hr>\n<figure id=\"attachment_214\" aria-describedby=\"caption-attachment-214\" style=\"width: 150px\" class=\"wp-caption alignright\"><a href=\"http:\/\/www.bilbomag.fr\/fr\/madere-lile-aux-fleurs\/funchal-quinta-das-cruzes-9\/\" rel=\"attachment wp-att-214\"><img decoding=\"async\" loading=\"lazy\" class=\"size-thumbnail wp-image-214\" src=\"http:\/\/www.bilbomag.fr\/fr\/wp-content\/uploads\/2016\/03\/FUNCHAL-QUINTA-DAS-CRUZES-9-150x150.jpg\" alt=\"quinta das Cruzes, \u00e0 Funchal\" width=\"150\" height=\"150\"><\/a><figcaption id=\"caption-attachment-214\" class=\"wp-caption-text\">quinta das Cruzes<\/figcaption><\/figure>\n<p><strong>\u2022 <\/strong><strong>MUSEE QUINTA DAS CRUZES<\/strong><strong><br \/>\n<\/strong>Museu da&nbsp;Quinta das Cruzes<br \/>\nCal\u00e7ada do Pico, n\u00b0 1 &#8211; 9000-26 Funchal<br \/>\nT\u00e9l. 291 740 670<br \/>\n<em>&#8211; heures d&rsquo;ouverture&nbsp;de 10 h \u00e0 12 h 30 et de 14 h \u00e0 18 h, tous les jours, sauf le lundi.<\/em><\/p>\n<hr>\n<figure id=\"attachment_592\" aria-describedby=\"caption-attachment-592\" style=\"width: 150px\" class=\"wp-caption alignright\"><a href=\"http:\/\/www.bilbomag.fr\/fr\/madere-lile-aux-fleurs\/funchal-telepherique-monte-62\/\" rel=\"attachment wp-att-592\"><img decoding=\"async\" loading=\"lazy\" class=\"size-thumbnail wp-image-592\" src=\"http:\/\/www.bilbomag.fr\/fr\/wp-content\/uploads\/2016\/04\/FUNCHAL-TELEPHERIQUE-MONTE-62-150x150.jpg\" alt=\"T\u00e9l\u00e9ph\u00e9rique Funchal vers Monte\" width=\"150\" height=\"150\"><\/a><figcaption id=\"caption-attachment-592\" class=\"wp-caption-text\">T\u00e9l\u00e9ph\u00e9rique Funchal vers Monte<\/figcaption><\/figure>\n<p><strong>\u2022<\/strong> <strong>TELEPHERIQUE DE FUNCHAL A MONTE<\/strong><br \/>\nCaminho des Babosas, n\u00b0 8 &#8211; Funchal<br \/>\n<a href=\"http:\/\/www.madeiracablecar.com\/\">www.madeiraca<\/a><i><a href=\"http:\/\/www.madeiracablecar.com\/\">blecar.com<\/a><\/i><i><br \/>\n<a href=\"mailto:info@madeiracablecar.com\">info@madeiracablecar.com<\/a><\/i><\/p>\n<hr>\n<figure id=\"attachment_233\" aria-describedby=\"caption-attachment-233\" style=\"width: 150px\" class=\"wp-caption alignright\"><a href=\"http:\/\/www.bilbomag.fr\/fr\/wp-content\/uploads\/2016\/03\/MONTE-QUINTA-DO-MONTE.jpg\"><img decoding=\"async\" loading=\"lazy\" class=\"size-thumbnail wp-image-233\" src=\"http:\/\/www.bilbomag.fr\/fr\/wp-content\/uploads\/2016\/03\/MONTE-QUINTA-DO-MONTE-150x150.jpg\" alt=\"quinta do Monte, h\u00f4tel 5\" width=\"150\" height=\"150\"><\/a><figcaption id=\"caption-attachment-233\" class=\"wp-caption-text\">quinta do Monte<\/figcaption><\/figure>\n<p><strong><b>\u2022<\/b> QUINTA DO MONTE<br \/>\n<\/strong>Caminho do Monte, n\u00b0 192 &#8211; &nbsp;9050-288 &nbsp;Funchal<br \/>\nT\u00e9l. 291 780 100 \u2013 Fax.&nbsp; 291 780 110<br \/>\n<a href=\"http:\/\/www.quintadomontemadeira.com\/fr\">www.quintadomontemadeira.com\/fr<\/a><br \/>\n<a href=\"mailto:info@charminghotelsmadeira.com\">info@charminghotelsmadeira.com<\/a><\/p>\n<hr>\n<figure id=\"attachment_418\" aria-describedby=\"caption-attachment-418\" style=\"width: 150px\" class=\"wp-caption alignright\"><a href=\"http:\/\/www.bilbomag.fr\/fr\/madere-lile-aux-fleurs\/porto-moniz-13\/\" rel=\"attachment wp-att-418\"><img decoding=\"async\" loading=\"lazy\" class=\"size-thumbnail wp-image-418\" src=\"http:\/\/www.bilbomag.fr\/fr\/wp-content\/uploads\/2016\/04\/PORTO-MONIZ-13-150x150.jpg\" alt=\"centre nautique \u00e0 Porto Moniz\" width=\"150\" height=\"150\"><\/a><figcaption id=\"caption-attachment-418\" class=\"wp-caption-text\">centre nautique \u00e0 Porto Moniz<\/figcaption><\/figure>\n<p><strong><b>\u2022 <\/b>PISCINE MUNICIPALE DE PORTO MONIZ<\/strong><br \/>\nAquario do Porto Moniz<br \/>\nRu<span class=\"_Xbe\">a Forte S. Jo\u00e3o Batista<br \/>\n9270-095 Porto Moniz<br \/>\n<\/span><a href=\"http:\/\/www.aquariodamadeira.com\/\">www.aquariodamadeira.com<\/a><br \/>\n<a href=\"mailto:geral@aquariodamadeira.com\">geral@aquariodamadeira.com<\/a><br \/>\n&#8211; <i>ouvert du lundi au dimanche de 10 h \u00e0 18 h<\/i><\/p>\n<hr>\n<figure id=\"attachment_428\" aria-describedby=\"caption-attachment-428\" style=\"width: 150px\" class=\"wp-caption alignright\"><a href=\"http:\/\/www.bilbomag.fr\/fr\/madere-lile-aux-fleurs\/sao-vicente-14\/\" rel=\"attachment wp-att-428\"><img decoding=\"async\" loading=\"lazy\" class=\"size-thumbnail wp-image-428\" src=\"http:\/\/www.bilbomag.fr\/fr\/wp-content\/uploads\/2016\/04\/SAO-VICENTE-14-150x150.jpg\" alt=\"grotte de lave \u00e0 Sao Vicente\" width=\"150\" height=\"150\"><\/a><figcaption id=\"caption-attachment-428\" class=\"wp-caption-text\">grotte de lave<\/figcaption><\/figure>\n<p><strong><b>\u2022 <\/b>GROTTES DE LAVE<br \/>\n<\/strong>Grottes de Sao Vicente<br \/>\nS\u00edtio do P\u00e9 do Passo&nbsp;&#8211;&nbsp;9240-039 S\u00e3o Vicente<br \/>\nT\u00e9l. &nbsp;291 842 404<br \/>\n<a href=\"http:\/\/www.grutasecentrodovulcanismo.com\/\">www.grutasecentrodovulcanismo.com<\/a><br \/>\n<em>&#8211; la visite guid\u00e9e&nbsp;se d\u00e9roule&nbsp;exclusivement en anglais<\/em><\/p>\n<hr>\n<div class=\"address\">\n<figure id=\"attachment_411\" aria-describedby=\"caption-attachment-411\" style=\"width: 150px\" class=\"wp-caption alignright\"><a href=\"http:\/\/www.bilbomag.fr\/fr\/madere-lile-aux-fleurs\/achadas-das-cruz-9\/\" rel=\"attachment wp-att-411\"><img decoding=\"async\" loading=\"lazy\" class=\"size-thumbnail wp-image-411\" src=\"http:\/\/www.bilbomag.fr\/fr\/wp-content\/uploads\/2016\/04\/ACHADAS-DAS-CRUZ-9-150x150.jpg\" alt=\"belv\u00e9d\u00e8re Achadas da Cruz\" width=\"150\" height=\"150\"><\/a><figcaption id=\"caption-attachment-411\" class=\"wp-caption-text\">belv\u00e9d\u00e8re Achadas da Cruz<\/figcaption><\/figure>\n<p><b>\u2022 <\/b><strong>TELEPHERIQUE D&rsquo;ACHADAS DA CRUZ<\/strong><br \/>\nCaminho do Telef\u00e9rico,<br \/>\n9270-014 Achadas da Cruz<\/p>\n<\/div>\n<div class=\"phone\">T\u00e9l.&nbsp; 291 852 951<\/div>\n<div class=\"phone\">\n<p><em><em>&#8211; tous les jours de 8 h \u00e0 12 h et de 13 h \u00e0 18 h &#8211; payant<\/em><\/em><\/p>\n<hr>\n<\/div>\n<p><a href=\"http:\/\/www.bilbomag.fr\/fr\/madere-lile-aux-fleurs\/jardim-do-mar-13\/\" rel=\"attachment wp-att-593\"><img decoding=\"async\" loading=\"lazy\" class=\"alignright wp-image-593 size-thumbnail\" src=\"http:\/\/www.bilbomag.fr\/fr\/wp-content\/uploads\/2016\/04\/JARDIM-DO-MAR-13-150x150.jpg\" alt=\"Locations de chambres \u00e0 Jardim do Mar\" width=\"150\" height=\"150\"><\/a><\/p>\n<p class=\"wp-caption-dd\"><b>\u2022<\/b> <strong>CHAMBRES A LOUER A JARDIM DO MAR<\/strong><br \/>\nMaktub \u2013 Henrique &#8211;<br \/>\ntel 963 269 326<br \/>\n<a href=\"http:\/\/www.jardimdomar.net\">www.jardimdomar.net<\/a><\/p>\n<hr>\n<h1 style=\"text-align: center;\">&nbsp;<span style=\"color: #800000;\">\u223c<\/span><\/h1>\n<p><!--nextpage--><\/p>\n<h2 style=\"text-align: left;\"><strong><span style=\"color: #800000;\">INDEX GENERAL&#8230;<\/span><\/strong><\/h2>\n<p style=\"text-align: center;\"><strong>UN PEU DE GEOGRAPHIE (<span style=\"color: #003366;\">page 1<\/span>)<br \/>\nARRIVEE A MADERE<span style=\"color: #003366;\">&nbsp;(page 2)<br \/>\n<\/span><\/strong><strong>HEBERGEMENT &#8211; h\u00f4tel \u00ab\u00a0Pestana Bay\u00a0\u00bb \u00e0 Funchal<span style=\"color: #003366;\">&nbsp;(page 3)<br \/>\n<\/span><\/strong><strong>CAMARA DE LOBOS <span style=\"color: #003366;\">(page 4)<br \/>\n<\/span><\/strong><strong>CABO GIRAO -belv\u00e9d\u00e8re le plus haut d&rsquo;Europe- <span style=\"color: #003366;\">(page 5)<br \/>\n<\/span><\/strong><strong>FUNCHAL, la capitale <span style=\"color: #003366;\">(page 6)<br \/>\n<\/span><\/strong><strong>FUNCHAL, quartier historique SANTA MARIA MAJOR<span style=\"color: #003366;\"> (page 7)<br \/>\n<\/span><\/strong><strong>FUNCHAL, d\u00e9couverte d&rsquo;une cave de mad\u00e8re <span style=\"color: #003366;\">(page 8)<br \/>\n<\/span><\/strong><strong>FUNCHAL, le march\u00e9 touristique <span style=\"color: #003366;\">(page 9)<br \/>\n<\/span><\/strong><strong>FUNCHAL &#8211; LE FORT DE SAO TIAGO et son restaurant <span style=\"color: #003366;\">(page 10)<br \/>\n<\/span><\/strong><strong>FUNCHAL &#8211; LA QUINTA DAS CRUZES -mus\u00e9e- <span style=\"color: #003366;\">(page 11)<br \/>\n<\/span><\/strong><strong>MONTE -ses descentes en traineau- <span style=\"color: #003366;\">(page 12)<br \/>\n<\/span><\/strong><strong>MONTE -QUINTA DO MONTE, h\u00f4tel 5*\/restaurant\/bar- <span style=\"color: #003366;\">(page 13)<br \/>\n<\/span><\/strong><strong>SANTA CRUZ <span style=\"color: #003366;\">(page 14)<br \/>\n<\/span><\/strong><strong>MACHICO <span style=\"color: #003366;\">(page 15)<br \/>\n<\/span><\/strong><strong>MACHICO -le fort NOSSA SENHORA DO AMPARO <span style=\"color: #003366;\">(page 16)<br \/>\n<\/span><\/strong><strong>PONTA DE SAO LOURENCO <span style=\"color: #003366;\">(page 17)<br \/>\n<\/span><\/strong><strong>SANTANA -ses maisons typiques- <span style=\"color: #003366;\">(page 18)<br \/>\n<\/span><\/strong><strong>RIBEIRO FRIO, for\u00eat Laurissilva, ses restaurants&nbsp;<span style=\"color: #003366;\">(page 19)<br \/>\n<\/span><\/strong><strong>PICO DO ARIEIRO <span style=\"color: #003366;\">(page 20)<br \/>\n<\/span><\/strong><strong>COTE NORD &#8211; vers FAIAL <span style=\"color: #003366;\">(page 21)<br \/>\n<\/span><\/strong><strong>CURRAL DAS FREIRAS &#8211; belv\u00e9d\u00e8re&nbsp;&nbsp;EIRA DO SERRADO- <span style=\"color: #003366;\">(page 22)<br \/>\n<\/span>PONTA DO SOL<span style=\"color: #003366;\"> (page 23)<br \/>\n<\/span>CALHETA<span style=\"color: #003366;\"> (page 24)<br \/>\n<\/span>JARDIM DO MAR<span style=\"color: #003366;\"> (page 25)<br \/>\n<\/span>ACHADAS DA CRUZ<span style=\"color: #003366;\"> (page 26)<br \/>\n<\/span>PORTO MONIZ<span style=\"color: #003366;\"> (page 27)<br \/>\n<\/span>COTE DE SAO VICENTE A PORTO MONIZ<span style=\"color: #003366;\"> (page 28)<br \/>\n<\/span>SAO VICENTE &#8211; CENTRE DE VULCANOLOGIE<span style=\"color: #003366;\"> (page 29)<br \/>\n<\/span>SAO VICENTE &#8211; LE VILLAGE<span style=\"color: #003366;\"> (page 30)<br \/>\n<\/span>LA ROUTE DES CRETES<span style=\"color: #003366;\"> (page 31)<br \/>\n<\/span><\/strong><strong>CONCLUSION<span style=\"color: #003366;\"> (page 32)<br \/>\n<\/span>GUIDE PRATIQUE<span style=\"color: #003366;\"> (page 33)<br \/>\n<\/span><\/strong><\/p>\n<h1 style=\"text-align: center;\"><span style=\"color: #800000;\">\u223c<\/span><\/h1>\n","protected":false},"excerpt":{"rendered":"<p>\u223c UNE SEMAINE DEBUT JUIN \u223c &nbsp; UN PEU DE GEOGRAPHIE&#8230; L\u2019archipel de Mad\u00e8re, d\u2019origine volcanique est situ\u00e9e en plein oc\u00e9an Atlantique, \u00e0 1200 km du Portugal, 130 km des \u00eeles Canaries et \u00e0 500 km des c\u00f4tes africaines. La d\u00e9couverte de l&rsquo;\u00eele est attribu\u00e9e aux Portugais en 1418, mais il \u00e9tait r\u00e9f\u00e9renc\u00e9 dans \u00ab\u00a0le Libro del&nbsp; Conoscimento\u00a0\u00bb, et repr\u00e9sent\u00e9 g\u00e9ographiquement dans les cartes italiennes et catalanes du XIV\u00e8me si\u00e8cle. L\u2019\u00eele de Mad\u00e8re (741 km2) mesure 57 km de long&#8230;<\/p>\n<p class=\"read-more\"><a class=\"btn btn-default\" href=\"http:\/\/www.bilbomag.fr\/fr\/madere-lile-aux-fleurs\/\">Lire la suite<span class=\"screen-reader-text\"> Lire la suite<\/span><\/a><\/p>\n","protected":false},"author":1,"featured_media":0,"comment_status":"closed","ping_status":"closed","sticky":false,"template":"","format":"standard","meta":{"om_disable_all_campaigns":false,"_mi_skip_tracking":false},"categories":[56],"tags":[],"aioseo_notices":[],"_links":{"self":[{"href":"http:\/\/www.bilbomag.fr\/fr\/wp-json\/wp\/v2\/posts\/10"}],"collection":[{"href":"http:\/\/www.bilbomag.fr\/fr\/wp-json\/wp\/v2\/posts"}],"about":[{"href":"http:\/\/www.bilbomag.fr\/fr\/wp-json\/wp\/v2\/types\/post"}],"author":[{"embeddable":true,"href":"http:\/\/www.bilbomag.fr\/fr\/wp-json\/wp\/v2\/users\/1"}],"replies":[{"embeddable":true,"href":"http:\/\/www.bilbomag.fr\/fr\/wp-json\/wp\/v2\/comments?post=10"}],"version-history":[{"count":2,"href":"http:\/\/www.bilbomag.fr\/fr\/wp-json\/wp\/v2\/posts\/10\/revisions"}],"predecessor-version":[{"id":650,"href":"http:\/\/www.bilbomag.fr\/fr\/wp-json\/wp\/v2\/posts\/10\/revisions\/650"}],"wp:attachment":[{"href":"http:\/\/www.bilbomag.fr\/fr\/wp-json\/wp\/v2\/media?parent=10"}],"wp:term":[{"taxonomy":"category","embeddable":true,"href":"http:\/\/www.bilbomag.fr\/fr\/wp-json\/wp\/v2\/categories?post=10"},{"taxonomy":"post_tag","embeddable":true,"href":"http:\/\/www.bilbomag.fr\/fr\/wp-json\/wp\/v2\/tags?post=10"}],"curies":[{"name":"wp","href":"https:\/\/api.w.org\/{rel}","templated":true}]}}